{"id":10260,"date":"2015-01-23T08:13:52","date_gmt":"2015-01-23T10:13:52","guid":{"rendered":"http:\/\/www.sincomam.org.br\/?p=10260"},"modified":"2015-01-23T11:14:48","modified_gmt":"2015-01-23T13:14:48","slug":"submarinos-representam-salto-para-a-ciencia-e-a-tecnologia-diz-almirante","status":"publish","type":"post","link":"https:\/\/www.sincomam.org.br\/index.php\/submarinos-representam-salto-para-a-ciencia-e-a-tecnologia-diz-almirante\/","title":{"rendered":"Submarinos representam salto para a ci\u00eancia e a tecnologia, diz Almirante"},"content":{"rendered":"<p><strong><strong><\/strong><\/strong><strong><em>Projeto inclui a constru\u00e7\u00e3o de cinco embarca\u00e7\u00f5es nacionais. Quatro delas devem estar prontas de 2017 a 2023<\/em><\/strong><\/p>\n<p>Com a constru\u00e7\u00e3o das cinco embarca\u00e7\u00f5es que integram o Programa de Desenvolvimento de Submarinos (Prosub), do Minist\u00e9rio da Defesa, a Marinha do Brasil destaca a gera\u00e7\u00e3o de energia el\u00e9trica, o desenvolvimento de novos materiais, a produ\u00e7\u00e3o de radiois\u00f3topos para a medicina e a irradia\u00e7\u00e3o de alimentos para conserva\u00e7\u00e3o, como alguns dos benef\u00edcios para a ci\u00eancia e a tecnologia brasileira.<\/p>\n<p>\u201cAo final desse programa, o Pa\u00eds ter\u00e1 adquirido um conhecimento tecnol\u00f3gico muito grande para a nossa ind\u00fastria, nossas universidades, e uma capacidade que poucos pa\u00edses no mundo t\u00eam\u201d, avalia o coordenador geral do projeto, o Almirante Gilberto Max.<\/p>\n<p>Somente na constru\u00e7\u00e3o dos quatro submarinos convencionais, estima-se que cada uma das embarca\u00e7\u00f5es a serem produzidos no Brasil contar\u00e1 com mais de 36 mil itens a serem fabricados por mais de 100 empresas brasileiras, incluindo a cria\u00e7\u00e3o de sistemas, equipamentos e componentes, treinamento para o desenvolvimento e integra\u00e7\u00e3o de softwares espec\u00edficos e suporte t\u00e9cnico para as respectivas empresas durante a produ\u00e7\u00e3o desses componentes.<\/p>\n<p>A constru\u00e7\u00e3o do submarino de propuls\u00e3o nuclear, o SN-Br, est\u00e1 prevista para come\u00e7ar em 2016 e terminar em 2023, quando a embarca\u00e7\u00e3o passar\u00e1 por testes e provas de cais e de mar, sendo transferida, ent\u00e3o, para o setor operativo da Marinha do Brasil em 2025.<\/p>\n<p>Os quatro submarinos convencionais devem estar prontos no per\u00edodo de 2017 a 2023, sendo que o primeiro deve entrar em opera\u00e7\u00e3o j\u00e1 em 2017.<\/p>\n<p><strong>Benef\u00edcios<\/strong><\/p>\n<p>Para a constru\u00e7\u00e3o das embarca\u00e7\u00f5es, al\u00e9m da Unidade de Fabrica\u00e7\u00e3o de Estruturas Met\u00e1licas (Ufem), inaugurada em 1\u00ba de mar\u00e7o de 2013 pela presidente Dilma Rousseff, encontra-se em constru\u00e7\u00e3o um complexo de Estaleiro e Base Naval (EBN) \u00e0s margens da Ba\u00eda de Sepetiba, no munic\u00edpio de Itagua\u00ed (RJ).<\/p>\n<p>Em dezembro do ano passado, a presidente inaugurou o pr\u00e9dio principal do EBN, que permitir\u00e1 a fabrica\u00e7\u00e3o de at\u00e9 dois submarinos simultaneamente.<\/p>\n<p>Na constru\u00e7\u00e3o e no projeto dos quatro submarinos convencionais e o de propuls\u00e3o nuclear ser\u00e3o gerados aproximadamente 5,6 mil empregos diretos e 14 mil, informa a Marinha do Brasil.<\/p>\n<p>Na avalia\u00e7\u00e3o do \u00f3rg\u00e3o federal, isso representa um contingente de pessoas qualificadas em diversos n\u00edveis e especialidades, multiplicadores de conhecimento e integrados ao desenvolvimento econ\u00f4mico e social do Pa\u00eds.<\/p>\n<p>Dentro das iniciativas do Prosub, existem programas sociais para a regi\u00e3o de Itagua\u00ed, como cursos de forma\u00e7\u00e3o de m\u00e3o de obra para trabalhar no empreendimento, realizados no pr\u00f3prio canteiro de obras. J\u00e1 foram formados 438 profissionais nas atividades de soldador, carpinteiro, eletricista, pedreiro, montador, armador e ajudante.<\/p>\n<p><strong>Defesa e soberania<\/strong><\/p>\n<p>Com quase 10 mil quil\u00f4metros de costa, o Brasil possui um dos maiores litorais do mundo. De acordo com a Marinha, os cinco submarinos agregam uma import\u00e2ncia estrat\u00e9gica ineg\u00e1vel para o Pa\u00eds, causando um efeito dissuas\u00f3rio.<\/p>\n<p>\u201cO submarino \u00e9 exatamente para o Pa\u00eds n\u00e3o entrar em guerra, \u00e9 para evitar a guerra\u201d, explica o coordenador geral do projeto, o Almirante Gilberto Marx.<\/p>\n<p>Uma das prioridades das embarca\u00e7\u00f5es \u00e9 assegurar meios para negar uso do mar a qualquer concentra\u00e7\u00e3o de for\u00e7as inimigas que se aproxime do Brasil por via mar\u00edtima. Al\u00e9m disso, elas contribuir\u00e3o para a defesa das bacias petrol\u00edferas brasileiras, com \u00eanfase no pr\u00e9-sal.<\/p>\n<p>Dados da Marinha mostram que 95% do com\u00e9rcio exterior nacional \u00e9 transportado por via mar\u00edtima. Al\u00e9m disso, a extensa \u00e1rea oce\u00e2nica, adjacente ao continente brasileiro, chamada \u201cAmaz\u00f4nia Azul\u201d, cont\u00e9m milh\u00f5es de metros quadrados de incalcul\u00e1veis bens naturais.<\/p>\n<p>Segundo o Almirante Gilberto Marx, ao contr\u00e1rio dos submarinos convencionais, o SN-Br ser\u00e1 empregado em mar aberto, nas chamadas \u201c\u00e1guas azuis\u201d, acompanhando e neutralizando for\u00e7as navais que ameacem a soberania.<\/p>\n<p>Fonte: Portal Brasil<\/p>\n","protected":false},"excerpt":{"rendered":"<p>Projeto inclui a constru\u00e7\u00e3o de cinco embarca\u00e7\u00f5es nacionais. Quatro delas devem estar prontas de 2017 a 2023 Com a constru\u00e7\u00e3o das cinco embarca\u00e7\u00f5es que integram&#8230;<\/p>\n","protected":false},"author":1182,"featured_media":3551,"comment_status":"closed","ping_status":"closed","sticky":false,"template":"","format":"standard","meta":{"footnotes":""},"categories":[6],"tags":[],"class_list":["post-10260","post","type-post","status-publish","format-standard","has-post-thumbnail","hentry","category-noticias"],"_links":{"self":[{"href":"https:\/\/www.sincomam.org.br\/index.php\/wp-json\/wp\/v2\/posts\/10260","targetHints":{"allow":["GET"]}}],"collection":[{"href":"https:\/\/www.sincomam.org.br\/index.php\/wp-json\/wp\/v2\/posts"}],"about":[{"href":"https:\/\/www.sincomam.org.br\/index.php\/wp-json\/wp\/v2\/types\/post"}],"author":[{"embeddable":true,"href":"https:\/\/www.sincomam.org.br\/index.php\/wp-json\/wp\/v2\/users\/1182"}],"replies":[{"embeddable":true,"href":"https:\/\/www.sincomam.org.br\/index.php\/wp-json\/wp\/v2\/comments?post=10260"}],"version-history":[{"count":1,"href":"https:\/\/www.sincomam.org.br\/index.php\/wp-json\/wp\/v2\/posts\/10260\/revisions"}],"predecessor-version":[{"id":10261,"href":"https:\/\/www.sincomam.org.br\/index.php\/wp-json\/wp\/v2\/posts\/10260\/revisions\/10261"}],"wp:featuredmedia":[{"embeddable":true,"href":"https:\/\/www.sincomam.org.br\/index.php\/wp-json\/wp\/v2\/media\/3551"}],"wp:attachment":[{"href":"https:\/\/www.sincomam.org.br\/index.php\/wp-json\/wp\/v2\/media?parent=10260"}],"wp:term":[{"taxonomy":"category","embeddable":true,"href":"https:\/\/www.sincomam.org.br\/index.php\/wp-json\/wp\/v2\/categories?post=10260"},{"taxonomy":"post_tag","embeddable":true,"href":"https:\/\/www.sincomam.org.br\/index.php\/wp-json\/wp\/v2\/tags?post=10260"}],"curies":[{"name":"wp","href":"https:\/\/api.w.org\/{rel}","templated":true}]}}