{"id":10255,"date":"2015-01-23T08:00:29","date_gmt":"2015-01-23T10:00:29","guid":{"rendered":"http:\/\/www.sincomam.org.br\/?p=10255"},"modified":"2015-01-23T10:49:51","modified_gmt":"2015-01-23T12:49:51","slug":"falta-de-energia-eletrica-deixa-12-milhao-sem-agua-em-sao-paulo","status":"publish","type":"post","link":"https:\/\/www.sincomam.org.br\/index.php\/falta-de-energia-eletrica-deixa-12-milhao-sem-agua-em-sao-paulo\/","title":{"rendered":"Falta de energia el\u00e9trica deixa 1,2 milh\u00e3o sem \u00e1gua em SP; Reservat\u00f3rio do Rio atinge volume morto"},"content":{"rendered":"<p>A falta de energia el\u00e9trica provoca desabastecimento de \u00e1gua em diversas cidades do estado de S\u00e3o Paulo e em bairros da capital paulista. De acordo com a Empresa de Saneamento B\u00e1sico do Estado de S\u00e3o Paulo, a queda de energia foi \u00e0s 4h da manh\u00e3 de ontem (22) e afetou a opera\u00e7\u00e3o de duas esta\u00e7\u00f5es elevat\u00f3rias: a Jardim S\u00e3o Luiz, que est\u00e1 com a energia reestabelecida, e a Jo\u00e3o XXIII, que recebe eletricidade de forma irregular.\u00a0 As esta\u00e7\u00f5es s\u00e3o necess\u00e1rias para o abastecimento de \u00e1gua.<\/p>\n<p>A paralisa\u00e7\u00e3o da Elevat\u00f3ria Jo\u00e3o XXIII deixa sem \u00e1gua os munic\u00edpios de Tabo\u00e3o da Serra, Embu, Itapecerica da Serra e parte de Cotia &#8211; cidades da Grande S\u00e3o Paulo &#8211; e ainda a regi\u00e3o do Jardim Arpoador, na capital. A esta\u00e7\u00e3o abastece 600 mil pessoas. Segundo a Sabesp, a eletricidade foi restabelecida no meio da tarde, por\u00e9m com tens\u00e3o insuficiente para a retomada do funcionamento da esta\u00e7\u00e3o. Ainda de acordo com a companhia, h\u00e1 previs\u00e3o de que a tens\u00e3o total seja estabelecida \u00e0 0h desta sexta-feira (23). &#8220;Se confirmado o prazo dado pela Eletropaulo, o abastecimento ser\u00e1, ent\u00e3o, retomado paulatinamente, podendo demorar de 24 horas a 48 horas, dependendo da temperatura&#8221;, acrescentou em nota.<\/p>\n<p>Na capital, na regi\u00e3o dos bairros Jardim S\u00e3o Luiz, Jardim \u00c2ngela, Parque Fernanda e Cap\u00e3o Redondo, na zona Sul, o abastecimento foi prejudicado pela falta de energia na Esta\u00e7\u00e3o Elevat\u00f3ria de \u00c1gua Jardim S\u00e3o Luiz, que atende a 620 mil pessoas. A previs\u00e3o \u00e9 que o abastecimento dos bairros seja normalizado ainda hoje (23).<\/p>\n<p><strong>Rio j\u00e1 tem plano de racionamento de \u00e1gua, diz secret\u00e1rio<\/strong><\/p>\n<p>O secret\u00e1rio estadual de Ambiente do Rio de Janeiro, Andr\u00e9 Correa, afirmou na manh\u00e3 desta sexta-feira (23), que empresas &#8220;na ponta&#8221; do Rio Para\u00edba do Sul podem ter, em curto prazo, o funcionamento interrompido por causa da estiagem que atinge o estado. Ele admitiu que a Cedae tem um plano de racionamento guardado para o caso da situa\u00e7\u00e3o piorar.<\/p>\n<p>\u201cO rio Para\u00edba do Sul \u00e9 usado para gera\u00e7\u00e3o de energia, para irriga\u00e7\u00e3o, para abastecimento industrial, ent\u00e3o, por exemplo, podemos ter num curto prazo, problemas com empresas que est\u00e3o na bacia do Guandu, no final da bacia do Guandu, depois de onde a Cedae capta \u00e1gua. N\u00f3s podemos chegar num prazo curto e dizer para ela que elas v\u00e3o ter que parar de operar\u201d, alertou Corr\u00eaa, enfatizando que o abastecimento humano vai ser priorizado.<\/p>\n<p>Nesta quarta-feira (21), o n\u00edvel do reservat\u00f3rio de Paraibuna, o maior de quatro que abastecem o estado do Rio de Janeiro, atingiu o volume morto pela primeira vez desde que foi criado, em 1978. De acordo com o Operador Nacional do Sistema El\u00e9trico (ONS), a usina hidroel\u00e9trica foi desligada ap\u00f3s o n\u00edvel atingir zero.<\/p>\n<p>T\u00e9cnicos da secretaria do Ambiente dizem que com o volume morto desse reservat\u00f3rio d\u00e1 para garantir as opera\u00e7\u00f5es por, no m\u00ednimo, mais seis meses. \u201cO grande problema \u00e9 que, na l\u00f3gica, n\u00f3s estamos no per\u00edodo de chuva. O problema \u00e9 quanto de \u00e1gua n\u00f3s vamos armazenar para enfrentar o per\u00edodo de seca\u201d, ressaltou o secret\u00e1rio, enfatizando que o ano de 2015 ser\u00e1 de grandes mudan\u00e7as e, possivelmente, o mais cr\u00edtico.<\/p>\n<p>Fonte: com informa\u00e7\u00f5es de O Globo e Ag\u00eancia Brasil<\/p>\n","protected":false},"excerpt":{"rendered":"<p>A falta de energia el\u00e9trica provoca desabastecimento de \u00e1gua em diversas cidades do estado de S\u00e3o Paulo e em bairros da capital paulista. De acordo&#8230;<\/p>\n","protected":false},"author":1182,"featured_media":10256,"comment_status":"closed","ping_status":"closed","sticky":false,"template":"","format":"standard","meta":{"footnotes":""},"categories":[6],"tags":[],"class_list":["post-10255","post","type-post","status-publish","format-standard","has-post-thumbnail","hentry","category-noticias"],"_links":{"self":[{"href":"https:\/\/www.sincomam.org.br\/index.php\/wp-json\/wp\/v2\/posts\/10255","targetHints":{"allow":["GET"]}}],"collection":[{"href":"https:\/\/www.sincomam.org.br\/index.php\/wp-json\/wp\/v2\/posts"}],"about":[{"href":"https:\/\/www.sincomam.org.br\/index.php\/wp-json\/wp\/v2\/types\/post"}],"author":[{"embeddable":true,"href":"https:\/\/www.sincomam.org.br\/index.php\/wp-json\/wp\/v2\/users\/1182"}],"replies":[{"embeddable":true,"href":"https:\/\/www.sincomam.org.br\/index.php\/wp-json\/wp\/v2\/comments?post=10255"}],"version-history":[{"count":3,"href":"https:\/\/www.sincomam.org.br\/index.php\/wp-json\/wp\/v2\/posts\/10255\/revisions"}],"predecessor-version":[{"id":10259,"href":"https:\/\/www.sincomam.org.br\/index.php\/wp-json\/wp\/v2\/posts\/10255\/revisions\/10259"}],"wp:featuredmedia":[{"embeddable":true,"href":"https:\/\/www.sincomam.org.br\/index.php\/wp-json\/wp\/v2\/media\/10256"}],"wp:attachment":[{"href":"https:\/\/www.sincomam.org.br\/index.php\/wp-json\/wp\/v2\/media?parent=10255"}],"wp:term":[{"taxonomy":"category","embeddable":true,"href":"https:\/\/www.sincomam.org.br\/index.php\/wp-json\/wp\/v2\/categories?post=10255"},{"taxonomy":"post_tag","embeddable":true,"href":"https:\/\/www.sincomam.org.br\/index.php\/wp-json\/wp\/v2\/tags?post=10255"}],"curies":[{"name":"wp","href":"https:\/\/api.w.org\/{rel}","templated":true}]}}