{"id":10242,"date":"2015-01-22T09:46:51","date_gmt":"2015-01-22T11:46:51","guid":{"rendered":"http:\/\/www.sincomam.org.br\/?p=10242"},"modified":"2015-01-22T09:47:18","modified_gmt":"2015-01-22T11:47:18","slug":"marinha-do-brasil-homenageia-o-469o-aniversario-de-santos","status":"publish","type":"post","link":"https:\/\/www.sincomam.org.br\/index.php\/marinha-do-brasil-homenageia-o-469o-aniversario-de-santos\/","title":{"rendered":"Marinha do Brasil homenageia o 469\u00ba anivers\u00e1rio de Santos"},"content":{"rendered":"<p>Chegam \u00e0 Cidade de Santos e permanecem durante as festividades do 469\u00ba anivers\u00e1rio da Cidade o Navio de Socorro Submarino (NSS) \u201cFelinto Perry\u201d e o Navio-Patrulha Oce\u00e2nico (NPaOc) \u201cAmazonas\u201d.<\/p>\n<p>Nesse per\u00edodo, as embarca\u00e7\u00f5es estar\u00e3o atracadas na Capitania dos Portos de S\u00e3o Paulo (CPSP), Cais da Marinha, Porto de Santos, e estar\u00e3o abertas \u00e0 visita\u00e7\u00e3o p\u00fablica. Ser\u00e1 prestada ainda uma homenagem, atrav\u00e9s da entrega de uma placa comemorativa, ao atual Prefeito do Munic\u00edpio de Santos, Paulo Alexandre Barbosa, e Secretariado, pelo Comandante do 8\u00ba Distrito Naval,\u00a0 Vice-Almirante Wilson Pereira de Lima Filho, \u00e0 bordo do NPaOc \u201cAmazonas\u201d no dia 26 de janeiro de 2015.<\/p>\n<p>A visita\u00e7\u00e3o p\u00fablica acontecer\u00e1 nos dias 24 (s\u00e1bado) e 25 (domingo), das 14h ao p\u00f4r do Sol. O hor\u00e1rio limite de acesso dos visitantes ser\u00e1 \u00e0s 17h00. A entrada \u00e9 franca.<\/p>\n<p>Fonte: Di\u00e1rio do Litoral<\/p>\n","protected":false},"excerpt":{"rendered":"<p>Chegam \u00e0 Cidade de Santos e permanecem durante as festividades do 469\u00ba anivers\u00e1rio da Cidade o Navio de Socorro Submarino (NSS) \u201cFelinto Perry\u201d e o&#8230;<\/p>\n","protected":false},"author":1182,"featured_media":10243,"comment_status":"closed","ping_status":"closed","sticky":false,"template":"","format":"standard","meta":{"footnotes":""},"categories":[6],"tags":[],"class_list":["post-10242","post","type-post","status-publish","format-standard","has-post-thumbnail","hentry","category-noticias"],"_links":{"self":[{"href":"https:\/\/www.sincomam.org.br\/index.php\/wp-json\/wp\/v2\/posts\/10242","targetHints":{"allow":["GET"]}}],"collection":[{"href":"https:\/\/www.sincomam.org.br\/index.php\/wp-json\/wp\/v2\/posts"}],"about":[{"href":"https:\/\/www.sincomam.org.br\/index.php\/wp-json\/wp\/v2\/types\/post"}],"author":[{"embeddable":true,"href":"https:\/\/www.sincomam.org.br\/index.php\/wp-json\/wp\/v2\/users\/1182"}],"replies":[{"embeddable":true,"href":"https:\/\/www.sincomam.org.br\/index.php\/wp-json\/wp\/v2\/comments?post=10242"}],"version-history":[{"count":1,"href":"https:\/\/www.sincomam.org.br\/index.php\/wp-json\/wp\/v2\/posts\/10242\/revisions"}],"predecessor-version":[{"id":10244,"href":"https:\/\/www.sincomam.org.br\/index.php\/wp-json\/wp\/v2\/posts\/10242\/revisions\/10244"}],"wp:featuredmedia":[{"embeddable":true,"href":"https:\/\/www.sincomam.org.br\/index.php\/wp-json\/wp\/v2\/media\/10243"}],"wp:attachment":[{"href":"https:\/\/www.sincomam.org.br\/index.php\/wp-json\/wp\/v2\/media?parent=10242"}],"wp:term":[{"taxonomy":"category","embeddable":true,"href":"https:\/\/www.sincomam.org.br\/index.php\/wp-json\/wp\/v2\/categories?post=10242"},{"taxonomy":"post_tag","embeddable":true,"href":"https:\/\/www.sincomam.org.br\/index.php\/wp-json\/wp\/v2\/tags?post=10242"}],"curies":[{"name":"wp","href":"https:\/\/api.w.org\/{rel}","templated":true}]}}