{"id":10232,"date":"2015-01-22T08:28:03","date_gmt":"2015-01-22T10:28:03","guid":{"rendered":"http:\/\/www.sincomam.org.br\/?p=10232"},"modified":"2015-01-22T09:50:53","modified_gmt":"2015-01-22T11:50:53","slug":"em-primeira-sessao-de-2015-tcu-adia-decisoes-sobre-leilao-dos-portos-e-ponte-rio-niteroi","status":"publish","type":"post","link":"https:\/\/www.sincomam.org.br\/index.php\/em-primeira-sessao-de-2015-tcu-adia-decisoes-sobre-leilao-dos-portos-e-ponte-rio-niteroi\/","title":{"rendered":"Em primeira sess\u00e3o de 2015, TCU adia decis\u00f5es sobre leil\u00e3o dos portos e Ponte Rio-Niter\u00f3i"},"content":{"rendered":"<p>Em sua primeira sess\u00e3o do ano, o Tribunal de Contas da Uni\u00e3o (TCU) adiou nesta quarta-feira decis\u00e3o que liberaria a publica\u00e7\u00e3o do edital de concess\u00e3o da Ponte Rio-Niter\u00f3i, assim como a decis\u00e3o sobre julgamento de recursos necess\u00e1rios para a publica\u00e7\u00e3o do edital de arrendamento de \u00e1reas no porto de Santos e em terminais do Par\u00e1.<\/p>\n<p>Os adiamentos ocorreram em fun\u00e7\u00e3o de pedidos de vista dos ministros Raimundo Carreiro para o edital da Ponte Rio-Niter\u00f3i, atualmente detido pela CCR, e Bruno Dantas que, por sua vez, pediu vista sobre recurso referente ao leil\u00e3o de portos.<\/p>\n<p>Com isso, a publica\u00e7\u00e3o de ambos os editais ficam suspensas e sem data definida para que voltem \u00e0 pauta do tribunal.<\/p>\n<p>No caso dos portos, a situa\u00e7\u00e3o \u00e9 mais grave, j\u00e1 que o processo para libera\u00e7\u00e3o do edital dos arrendamentos se arrasta desde dezembro de 2013, quando o TCU impediu a publica\u00e7\u00e3o pela primeira vez. O TCU tem de julgar recurso do governo federal que questiona quatro das 19 determina\u00e7\u00f5es necess\u00e1rias para a publica\u00e7\u00e3o do edital.<\/p>\n<p>O principal questionamento apresentado no recurso \u00e9 sobre a exig\u00eancia do tribunal de estabelecer tarifas-teto para os servi\u00e7os prestados em todos os arrendamentos.<\/p>\n<p>Ainda assim, depois da decis\u00e3o sobre esses recursos, o colegiado ainda ter\u00e1 de julgar embargo de declara\u00e7\u00e3o interposto pelo deputado Augusto Coutinho (SD-PE) para poder liberar o edital e permitir que o governo siga com o leil\u00e3o. O deputado alega, em seu recurso, que a decis\u00e3o do tribunal sofreu omiss\u00f5es e contradi\u00e7\u00f5es ao julgar como cumpridas 15 das 19 exig\u00eancias para a libera\u00e7\u00e3o do edital.<\/p>\n<p>Este embargo est\u00e1 em an\u00e1lise do tribunal e sem previs\u00e3o de entrar na pauta do TCU.<\/p>\n<p>Fonte: Reuters\/Nestor Rabello<\/p>\n","protected":false},"excerpt":{"rendered":"<p>Em sua primeira sess\u00e3o do ano, o Tribunal de Contas da Uni\u00e3o (TCU) adiou nesta quarta-feira decis\u00e3o que liberaria a publica\u00e7\u00e3o do edital de concess\u00e3o&#8230;<\/p>\n","protected":false},"author":1182,"featured_media":7007,"comment_status":"closed","ping_status":"closed","sticky":false,"template":"","format":"standard","meta":{"footnotes":""},"categories":[6],"tags":[],"class_list":["post-10232","post","type-post","status-publish","format-standard","has-post-thumbnail","hentry","category-noticias"],"_links":{"self":[{"href":"https:\/\/www.sincomam.org.br\/index.php\/wp-json\/wp\/v2\/posts\/10232","targetHints":{"allow":["GET"]}}],"collection":[{"href":"https:\/\/www.sincomam.org.br\/index.php\/wp-json\/wp\/v2\/posts"}],"about":[{"href":"https:\/\/www.sincomam.org.br\/index.php\/wp-json\/wp\/v2\/types\/post"}],"author":[{"embeddable":true,"href":"https:\/\/www.sincomam.org.br\/index.php\/wp-json\/wp\/v2\/users\/1182"}],"replies":[{"embeddable":true,"href":"https:\/\/www.sincomam.org.br\/index.php\/wp-json\/wp\/v2\/comments?post=10232"}],"version-history":[{"count":1,"href":"https:\/\/www.sincomam.org.br\/index.php\/wp-json\/wp\/v2\/posts\/10232\/revisions"}],"predecessor-version":[{"id":10233,"href":"https:\/\/www.sincomam.org.br\/index.php\/wp-json\/wp\/v2\/posts\/10232\/revisions\/10233"}],"wp:featuredmedia":[{"embeddable":true,"href":"https:\/\/www.sincomam.org.br\/index.php\/wp-json\/wp\/v2\/media\/7007"}],"wp:attachment":[{"href":"https:\/\/www.sincomam.org.br\/index.php\/wp-json\/wp\/v2\/media?parent=10232"}],"wp:term":[{"taxonomy":"category","embeddable":true,"href":"https:\/\/www.sincomam.org.br\/index.php\/wp-json\/wp\/v2\/categories?post=10232"},{"taxonomy":"post_tag","embeddable":true,"href":"https:\/\/www.sincomam.org.br\/index.php\/wp-json\/wp\/v2\/tags?post=10232"}],"curies":[{"name":"wp","href":"https:\/\/api.w.org\/{rel}","templated":true}]}}