{"id":10230,"date":"2015-01-22T08:00:37","date_gmt":"2015-01-22T10:00:37","guid":{"rendered":"http:\/\/www.sincomam.org.br\/?p=10230"},"modified":"2015-01-22T09:49:44","modified_gmt":"2015-01-22T11:49:44","slug":"agencia-reguladora-limita-retirada-de-agua-do-sistema-cantareira-em-sp","status":"publish","type":"post","link":"https:\/\/www.sincomam.org.br\/index.php\/agencia-reguladora-limita-retirada-de-agua-do-sistema-cantareira-em-sp\/","title":{"rendered":"Ag\u00eancia reguladora limita retirada de \u00e1gua do Sistema Cantareira em SP"},"content":{"rendered":"<p>O limite de retirada de \u00e1gua do Sistema Cantareira para janeiro deste ano \u00e9 22,9 milh\u00f5es de metros c\u00fabicos (m3), de acordo com comunicado conjunto da Ag\u00eancia Nacional de \u00c1guas (ANA) e do Departamento de \u00c1guas e Energia El\u00e9trica de S\u00e3o Paulo (Daee). A meta \u00e9 que 47,6 milh\u00f5es de m\u00b3 sejam preservados no sistema.<\/p>\n<p>O documento foi encaminhado aos presidentes da Companhia Estadual de Saneamento B\u00e1sico (Sabesp), Jerson Kelman, e dos Comit\u00eas das Bacias Hidrogr\u00e1ficas dos Rios Piracicaba, Capivari e Jundia\u00ed (PCJ), Gabriel Ferrato dos Santos.<\/p>\n<p>De acordo com a ANA, a Sabesp usou previs\u00f5es de vaz\u00f5es afluentes \u2013 entrada de \u00e1gua das chuvas no sistema \u2013 acima do registrado nos meses de outubro, novembro e dezembro de 2014. Em of\u00edcio encaminhado ao Daee, a ag\u00eancia expressa preocupa\u00e7\u00e3o em rela\u00e7\u00e3o ao planejamento do sistema e \u201crefor\u00e7a a necessidade de apresenta\u00e7\u00e3o, pela Sabesp, de um plano de conting\u00eancia que contemple a\u00e7\u00f5es emergenciais\u201d.<\/p>\n<p>A previs\u00e3o da Sabesp para entrada de \u00e1gua naqueles meses foi, respectivamente, 15,4 metros c\u00fabicos por segundo (m\u00b3\/s), 23,7 m\u00b3\/s e 27,9 m\u00b3\/s. Entretanto, segundo a ANA, as m\u00e9dias verificadas correspondem a 4,0 m\u00b3\/s, 6,0 m\u00b3\/s e 12,8 m\u00b3\/s. A diferen\u00e7a entre o planejamento e a realidade corresponde a 117 milh\u00f5es de m\u00b3 a menos do que foi previsto para os tr\u00eas \u00faltimos meses de 2014.<\/p>\n<p>O \u00f3rg\u00e3o destaca que, em 30 de abril deste ano, o Cantareira precisa garantir o equivalente a 10% do volume \u00fatil original do sistema, aproximadamente 97 milh\u00f5es de m\u00b3. \u201cA n\u00e3o observ\u00e2ncia no passado dessa recomenda\u00e7\u00e3o poder\u00e1 tornar invi\u00e1veis metas adequadas de seguran\u00e7a h\u00eddrica para o pr\u00f3ximo per\u00edodo de seca\u201d, alerta o documento.<\/p>\n<p>Nota t\u00e9cnica divulgada pelo Daee revela que a vaz\u00e3o m\u00e9dia afluente chegou a 8,11 m\u00b3\/s, entre 1\u00ba janiero e 19 de janeiro. A previs\u00e3o \u00e9 que, no fim do m\u00eas, a m\u00e9dia alcance 8,5 m\u00b3\/s. Al\u00e9m disso, o of\u00edcio informa que \u201cser\u00e1 necess\u00e1ria a elabora\u00e7\u00e3o de novos planos de conting\u00eancia\u201d. \u201cAs perspectivas, no momento, s\u00e3o de um agravamento da crise, o que dever\u00e1 implicar redu\u00e7\u00f5es ainda maiores das retiradas\u201d, completa o documento.<\/p>\n<p>A Sabesp n\u00e3o havia se manifestado sobre o comunicado at\u00e9 a publica\u00e7\u00e3o da mat\u00e9ria.<\/p>\n<p>Fonte: Ag\u00eancia Brasil<\/p>\n","protected":false},"excerpt":{"rendered":"<p>O limite de retirada de \u00e1gua do Sistema Cantareira para janeiro deste ano \u00e9 22,9 milh\u00f5es de metros c\u00fabicos (m3), de acordo com comunicado conjunto&#8230;<\/p>\n","protected":false},"author":1182,"featured_media":8371,"comment_status":"closed","ping_status":"closed","sticky":false,"template":"","format":"standard","meta":{"footnotes":""},"categories":[6],"tags":[],"class_list":["post-10230","post","type-post","status-publish","format-standard","has-post-thumbnail","hentry","category-noticias"],"_links":{"self":[{"href":"https:\/\/www.sincomam.org.br\/index.php\/wp-json\/wp\/v2\/posts\/10230","targetHints":{"allow":["GET"]}}],"collection":[{"href":"https:\/\/www.sincomam.org.br\/index.php\/wp-json\/wp\/v2\/posts"}],"about":[{"href":"https:\/\/www.sincomam.org.br\/index.php\/wp-json\/wp\/v2\/types\/post"}],"author":[{"embeddable":true,"href":"https:\/\/www.sincomam.org.br\/index.php\/wp-json\/wp\/v2\/users\/1182"}],"replies":[{"embeddable":true,"href":"https:\/\/www.sincomam.org.br\/index.php\/wp-json\/wp\/v2\/comments?post=10230"}],"version-history":[{"count":1,"href":"https:\/\/www.sincomam.org.br\/index.php\/wp-json\/wp\/v2\/posts\/10230\/revisions"}],"predecessor-version":[{"id":10231,"href":"https:\/\/www.sincomam.org.br\/index.php\/wp-json\/wp\/v2\/posts\/10230\/revisions\/10231"}],"wp:featuredmedia":[{"embeddable":true,"href":"https:\/\/www.sincomam.org.br\/index.php\/wp-json\/wp\/v2\/media\/8371"}],"wp:attachment":[{"href":"https:\/\/www.sincomam.org.br\/index.php\/wp-json\/wp\/v2\/media?parent=10230"}],"wp:term":[{"taxonomy":"category","embeddable":true,"href":"https:\/\/www.sincomam.org.br\/index.php\/wp-json\/wp\/v2\/categories?post=10230"},{"taxonomy":"post_tag","embeddable":true,"href":"https:\/\/www.sincomam.org.br\/index.php\/wp-json\/wp\/v2\/tags?post=10230"}],"curies":[{"name":"wp","href":"https:\/\/api.w.org\/{rel}","templated":true}]}}