{"id":10226,"date":"2015-01-22T08:10:30","date_gmt":"2015-01-22T10:10:30","guid":{"rendered":"http:\/\/www.sincomam.org.br\/?p=10226"},"modified":"2015-01-22T09:51:36","modified_gmt":"2015-01-22T11:51:36","slug":"alegando-dificuldades-economicas-estaleiro-paraguacu-confirma-na-justica-a-demissao-de-1-000-empregados-desde-dezembro-do-ano-passado","status":"publish","type":"post","link":"https:\/\/www.sincomam.org.br\/index.php\/alegando-dificuldades-economicas-estaleiro-paraguacu-confirma-na-justica-a-demissao-de-1-000-empregados-desde-dezembro-do-ano-passado\/","title":{"rendered":"Alegando dificuldades econ\u00f4micas, Estaleiro Paragua\u00e7u confirma na Justi\u00e7a a demiss\u00e3o de 1.000 empregados desde dezembro do ano passado"},"content":{"rendered":"<p><strong><em>Apesar dos protestos e do acordo, as demiss\u00f5es continuar\u00e3o em 2015<\/em><\/strong><\/p>\n<p>Um acordo celebrado na Se\u00e7\u00e3o de Diss\u00eddios Coletivos do TRT da Bahia, a ser\u00a0homologado na sess\u00e3o do pr\u00f3ximo dia\u00a010 de fevereiro, mediado pelo presidente do TRT\/BA, desembargador Valt\u00e9rcio de Oliveira, com a participa\u00e7\u00e3o do representante do Minist\u00e9rio P\u00fablico do Trabalho, procurador Jairo Sento S\u00e9, garantir\u00e1 benef\u00edcios a 1.000 trabalhadores da ind\u00fastria da constru\u00e7\u00e3o pesada no Estaleiro S\u00e3o Roque do Paragua\u00e7u, em Maragogipe (BA).<\/p>\n<p>Na proposta negociada entre o Cons\u00f3rcio Estaleiro Paragua\u00e7u e o Sindicato dos Trabalhadores nas Ind\u00fastrias da Constru\u00e7\u00e3o e Manuten\u00e7\u00e3o Industrial (Sintepav-BA), os empregados despedidos a partir de 1\u00ba\/12\/2014 \u00a0ser\u00e3o privilegiados em novas contrata\u00e7\u00f5es, caso as obras sejam retomadas no ritmo desejado, desde que atendidos os crit\u00e9rios de conhecimento e compet\u00eancias requeridos para cada fun\u00e7\u00e3o. Vale destacar que todas as parcelas rescis\u00f3rias devidas aos empregados foram pagas dentro do prazo de lei pelo Estaleiro.<\/p>\n<p>Em contrapartida, o Cons\u00f3rcio poder\u00e1 continuar o processo de readequa\u00e7\u00e3o de planejamento da obra e, consequentemente, da redu\u00e7\u00e3o de seu efetivo, caso n\u00e3o se concretize a expectativa de recebimentos financeiros, ou seja, a retomada de repasses de verbas e investimentos por parte da Enseada Ind\u00fastria Naval, empresa contratante da obra.<\/p>\n<p>O Cons\u00f3rcio tamb\u00e9m se comprometeu a priorizar os desligamentos dos empregados que voluntariamente se apresentarem para o processo demissional, bem como conceder as respectivas cartas de refer\u00eancia de cada empregado desligado.<\/p>\n<p>Fonte: Bahia Neg\u00f3cios<\/p>\n","protected":false},"excerpt":{"rendered":"<p>Apesar dos protestos e do acordo, as demiss\u00f5es continuar\u00e3o em 2015 Um acordo celebrado na Se\u00e7\u00e3o de Diss\u00eddios Coletivos do TRT da Bahia, a ser\u00a0homologado&#8230;<\/p>\n","protected":false},"author":1182,"featured_media":9967,"comment_status":"closed","ping_status":"closed","sticky":false,"template":"","format":"standard","meta":{"footnotes":""},"categories":[6],"tags":[1502,81,145,245,1584,374],"class_list":["post-10226","post","type-post","status-publish","format-standard","has-post-thumbnail","hentry","category-noticias","tag-demissao","tag-estaleiro","tag-justica","tag-manifestacao","tag-paraguacu","tag-sindicato"],"_links":{"self":[{"href":"https:\/\/www.sincomam.org.br\/index.php\/wp-json\/wp\/v2\/posts\/10226","targetHints":{"allow":["GET"]}}],"collection":[{"href":"https:\/\/www.sincomam.org.br\/index.php\/wp-json\/wp\/v2\/posts"}],"about":[{"href":"https:\/\/www.sincomam.org.br\/index.php\/wp-json\/wp\/v2\/types\/post"}],"author":[{"embeddable":true,"href":"https:\/\/www.sincomam.org.br\/index.php\/wp-json\/wp\/v2\/users\/1182"}],"replies":[{"embeddable":true,"href":"https:\/\/www.sincomam.org.br\/index.php\/wp-json\/wp\/v2\/comments?post=10226"}],"version-history":[{"count":1,"href":"https:\/\/www.sincomam.org.br\/index.php\/wp-json\/wp\/v2\/posts\/10226\/revisions"}],"predecessor-version":[{"id":10227,"href":"https:\/\/www.sincomam.org.br\/index.php\/wp-json\/wp\/v2\/posts\/10226\/revisions\/10227"}],"wp:featuredmedia":[{"embeddable":true,"href":"https:\/\/www.sincomam.org.br\/index.php\/wp-json\/wp\/v2\/media\/9967"}],"wp:attachment":[{"href":"https:\/\/www.sincomam.org.br\/index.php\/wp-json\/wp\/v2\/media?parent=10226"}],"wp:term":[{"taxonomy":"category","embeddable":true,"href":"https:\/\/www.sincomam.org.br\/index.php\/wp-json\/wp\/v2\/categories?post=10226"},{"taxonomy":"post_tag","embeddable":true,"href":"https:\/\/www.sincomam.org.br\/index.php\/wp-json\/wp\/v2\/tags?post=10226"}],"curies":[{"name":"wp","href":"https:\/\/api.w.org\/{rel}","templated":true}]}}