{"id":10216,"date":"2015-01-21T10:00:52","date_gmt":"2015-01-21T12:00:52","guid":{"rendered":"http:\/\/www.sincomam.org.br\/?p=10216"},"modified":"2015-01-21T10:00:52","modified_gmt":"2015-01-21T12:00:52","slug":"grupo-libra-inaugura-terminal-de-logistica-em-cubatao","status":"publish","type":"post","link":"https:\/\/www.sincomam.org.br\/index.php\/grupo-libra-inaugura-terminal-de-logistica-em-cubatao\/","title":{"rendered":"Grupo Libra inaugura terminal de Log\u00edstica em Cubat\u00e3o"},"content":{"rendered":"<p>A Libra Log\u00edstica, unidade de neg\u00f3cios do Grupo Libra, um dos maiores operadores portu\u00e1rios e de log\u00edstica do com\u00e9rcio exterior do Brasil, anuncia a inaugura\u00e7\u00e3o do novo terminal retroportu\u00e1rio na regi\u00e3o de Cubat\u00e3o, em S\u00e3o Paulo.<\/p>\n<p>Com 70 mil metros quadrados voltados para opera\u00e7\u00f5es de exporta\u00e7\u00e3o, importa\u00e7\u00e3o e log\u00edstica integrada, a unidade Libra Log\u00edstica Cubat\u00e3o\u00a0 armazena at\u00e9 1.560 TEUS (equivalente a um cont\u00eainer de 20 p\u00e9s) no p\u00e1tio e 15 mil toneladas no armaz\u00e9m. Al\u00e9m disso, possui uma localiza\u00e7\u00e3o privilegiada e estrategicamente equidistante \u00e0s duas margens do Porto de Santos, com acessos rodovi\u00e1rio e ferrovi\u00e1rio \u2013 este \u00faltimo com tr\u00eas linhas paralelas \u2013 e uma estrutura planejada para a m\u00e1xima seguran\u00e7a e o conforto dos colaboradores e usu\u00e1rios. Para o pr\u00f3ximo ano, j\u00e1 est\u00e1 previsto a amplia\u00e7\u00e3o do local para 100 mil metros quadrados.<\/p>\n<p>\u201cA capacidade de descarga na opera\u00e7\u00e3o ferrovi\u00e1ria da unidade \u00e9 de 70 vag\u00f5es, sem a necessidade de manobras, o que nos d\u00e1 maior agilidade nas opera\u00e7\u00f5es de cont\u00eaineres para os terminais portu\u00e1rios. O parque de m\u00e1quinas est\u00e1 dimensionado para atender um giro m\u00e9dio de 130 carretas por dia e as balan\u00e7as rodovi\u00e1rias suportam 100 toneladas\u201d, detalha Daniel Brugioni, Diretor Geral da Libra Log\u00edstica.<\/p>\n<p>O Grupo Libra j\u00e1 atuava na regi\u00e3o de Cubat\u00e3o. Com a inaugura\u00e7\u00e3o, o antigo espa\u00e7o ser\u00e1 desativado em at\u00e9 60 dias.<\/p>\n<p>\u201cO nosso investimento em Cubat\u00e3o evidencia a preocupa\u00e7\u00e3o do Grupo Libra com a regi\u00e3o, que abriga o principal porto do Continente e onde j\u00e1 contamos com a Libra Terminais Santos e a Libra Log\u00edstica Valongo, o Teval. Dessa forma, consolidamos a nossa posi\u00e7\u00e3o como um provedor completo de servi\u00e7os log\u00edsticos rodovi\u00e1rios e ferrovi\u00e1rios para as duas margens do porto de Santos\u201d, afirma Marcelo Araujo, Presidente do Grupo Libra.<\/p>\n<p>Fonte: Portos e Navios<\/p>\n","protected":false},"excerpt":{"rendered":"<p>A Libra Log\u00edstica, unidade de neg\u00f3cios do Grupo Libra, um dos maiores operadores portu\u00e1rios e de log\u00edstica do com\u00e9rcio exterior do Brasil, anuncia a inaugura\u00e7\u00e3o&#8230;<\/p>\n","protected":false},"author":1182,"featured_media":5894,"comment_status":"closed","ping_status":"closed","sticky":false,"template":"","format":"standard","meta":{"footnotes":""},"categories":[6],"tags":[],"class_list":["post-10216","post","type-post","status-publish","format-standard","has-post-thumbnail","hentry","category-noticias"],"_links":{"self":[{"href":"https:\/\/www.sincomam.org.br\/index.php\/wp-json\/wp\/v2\/posts\/10216","targetHints":{"allow":["GET"]}}],"collection":[{"href":"https:\/\/www.sincomam.org.br\/index.php\/wp-json\/wp\/v2\/posts"}],"about":[{"href":"https:\/\/www.sincomam.org.br\/index.php\/wp-json\/wp\/v2\/types\/post"}],"author":[{"embeddable":true,"href":"https:\/\/www.sincomam.org.br\/index.php\/wp-json\/wp\/v2\/users\/1182"}],"replies":[{"embeddable":true,"href":"https:\/\/www.sincomam.org.br\/index.php\/wp-json\/wp\/v2\/comments?post=10216"}],"version-history":[{"count":1,"href":"https:\/\/www.sincomam.org.br\/index.php\/wp-json\/wp\/v2\/posts\/10216\/revisions"}],"predecessor-version":[{"id":10217,"href":"https:\/\/www.sincomam.org.br\/index.php\/wp-json\/wp\/v2\/posts\/10216\/revisions\/10217"}],"wp:featuredmedia":[{"embeddable":true,"href":"https:\/\/www.sincomam.org.br\/index.php\/wp-json\/wp\/v2\/media\/5894"}],"wp:attachment":[{"href":"https:\/\/www.sincomam.org.br\/index.php\/wp-json\/wp\/v2\/media?parent=10216"}],"wp:term":[{"taxonomy":"category","embeddable":true,"href":"https:\/\/www.sincomam.org.br\/index.php\/wp-json\/wp\/v2\/categories?post=10216"},{"taxonomy":"post_tag","embeddable":true,"href":"https:\/\/www.sincomam.org.br\/index.php\/wp-json\/wp\/v2\/tags?post=10216"}],"curies":[{"name":"wp","href":"https:\/\/api.w.org\/{rel}","templated":true}]}}