{"id":10207,"date":"2015-01-21T09:52:05","date_gmt":"2015-01-21T11:52:05","guid":{"rendered":"http:\/\/www.sincomam.org.br\/?p=10207"},"modified":"2015-01-21T09:52:05","modified_gmt":"2015-01-21T11:52:05","slug":"ifpb-cabedelo-forma-primeira-turma-de-aquaviarios-da-paraiba","status":"publish","type":"post","link":"https:\/\/www.sincomam.org.br\/index.php\/ifpb-cabedelo-forma-primeira-turma-de-aquaviarios-da-paraiba\/","title":{"rendered":"IFPB-Cabedelo forma primeira turma de Aquavi\u00e1rios da Para\u00edba"},"content":{"rendered":"<p>O Instituto Federal de Educa\u00e7\u00e3o, Ci\u00eancia e Tecnologia da Para\u00edba (IFPB) &#8211; Campus Cabedelo realizou, na \u00faltima quinta-feira (15), no Teatro Santa Catarina, a solenidade de Conclus\u00e3o do Curso de Forma\u00e7\u00e3o de Aquavi\u00e1rios (Praticante a Mo\u00e7o de Conv\u00e9s). O curso, do ensino profissional mar\u00edtimo, acontece a partir de um termo de coopera\u00e7\u00e3o entre o IFPB e a Marinha do Brasil, atrav\u00e9s da Capitania dos Portos da Para\u00edba. Ao todo, foram entregues certificados a 15 formandos da turma pioneira 2014.2.<\/p>\n<p>As aulas foram realizadas pelo Campus Avan\u00e7ado Cabedelo-Centro, que \u00e9 um dos n\u00facleos da Unidade Federal na cidade. Al\u00e9m do certificado, os formandos receberam as carteiras de aprendizes e, nos pr\u00f3ximos 06 meses, seguir\u00e3o para a realiza\u00e7\u00e3o de est\u00e1gio nas empresas que os encaminharam.<\/p>\n<p>Quem representou a Prefeitura Municipal no evento foi o Secret\u00e1rio Municipal de Meio Ambiente e Pesca (Semapa), Walber Farias, que saudou as autoridades presentes e os formandos.<\/p>\n<p>&#8220;\u00c9 uma grande conquista para o munic\u00edpio e, principalmente, para o trabalhador mar\u00edtimo e a toda popula\u00e7\u00e3o que se inicia nessa \u00e1rea. \u00c9 a primeira vez que se tem um curso gratuito oferecido atrav\u00e9s de uma institui\u00e7\u00e3o de credibilidade nesse campus avan\u00e7ado em Cabedelo. E ele vem propor, justamente, uma coisa que n\u00e3o existia: a capacita\u00e7\u00e3o na \u00e1rea de aquavi\u00e1rio. Um curso gratuito com uma grade curricular complexa que vai dar oportunidade aos jovens que querem embarcar, como \u00e9 dito popularmente&#8221;, destacou.<\/p>\n<p>Os agora Aquavi\u00e1rios ter\u00e3o a oportunidade de complementar o curso com a etapa pr\u00e1tica e, assim, assinarem suas carteiras como Mo\u00e7os de Conv\u00e9s. A partir dessa experi\u00eancia, estar\u00e3o qualificados e as empresas \u00e9 que decidir\u00e3o sobre efetiva\u00e7\u00f5es e\/ou contratos.<\/p>\n<p>&#8220;N\u00f3s, do IFPB, somos a \u00fanica escola p\u00fablica creditada pela Marinha para ministrar esse curso aqui na Para\u00edba. Estamos vivenciamos um marco na hist\u00f3ria de Cabedelo, por disponibilizar esses cursos \u00e0 comunidade de forma gratuita. Esse termo de coopera\u00e7\u00e3o vai muito al\u00e9m da parceria IFPB e Marinha, visto que temos tamb\u00e9m a colabora\u00e7\u00e3o da Prefeitura de Cabedelo, n\u00e3o s\u00f3 no que se refere ao ensino profissional mar\u00edtimo, mas nos cursos regulares e de extens\u00e3o. Essa rela\u00e7\u00e3o sempre foi muito boa, inclusive o pr\u00e9dio onde funciona o Campus Avan\u00e7ado \u00e9 um pr\u00e9dio de cess\u00e3o, assim como foi com a instala\u00e7\u00e3o do Campus Cabedelo&#8221;, afirmou a diretora do Campus Avan\u00e7ado, Keitiana de Souza.<\/p>\n<p>Na ocasi\u00e3o, o representante da Marinha do Brasil, Comandante Valdinei Ciola, da Capitania dos Portos da Para\u00edba, demonstrou alegria e satisfa\u00e7\u00e3o com a conclus\u00e3o do curso.<\/p>\n<p>&#8220;N\u00f3s todos fazemos parte disto e estamos orgulhosos por reconhecer a import\u00e2ncia desse momento. Esta \u00e9 tamb\u00e9m a primeira turma de praticantes a mo\u00e7o de conv\u00e9s do Brasil formada fora do \u00e2mbito militar. Espero, em seis meses, estar carimbando e assinando a carteira de todos como profissionais mar\u00edtimos&#8221;.<\/p>\n<p>H\u00e9lison Dornelas, aluno rec\u00e9m formado no Curso de Aquavi\u00e1rio, externou sua alegria e sua expectativa ap\u00f3s receber o certificado de conclus\u00e3o do curso.<\/p>\n<p>&#8220;Foi um curso que abriu um leque de conhecimentos e que teve uma dedica\u00e7\u00e3o muito grande dos professores. Isso tudo vai me permitir buscar mais oportunidades na minha carreira profissional, visando a melhoria na qualidade de vida&#8221;, afirmou.<\/p>\n<p>Cursos do IFPB Campus Cabedelo &#8211; No IFPB existem dois processos seletivos: o Processo Seletivo para Cursos T\u00e9cnicos (PSCT), em que s\u00e3o ofertados os cursos regulares de T\u00e9cnico em Transportes Aquavi\u00e1rios, T\u00e9cnico em Recursos Pesqueiros e T\u00e9cnico em Meio Ambiente, no Campus Cabedelo em Camboinha.<\/p>\n<p>Recentemente, foi institu\u00eddo o Processo Seletivo pra o Ensino Profissional Mar\u00edtimo, em que s\u00e3o selecionados profissionais para cursos de habilita\u00e7\u00e3o e qualifica\u00e7\u00e3o no Campus Avan\u00e7ado (CA) de Cabedelo-Centro. O CA j\u00e1 tem a proposta de trabalhar com cursos voltados para aquavi\u00e1rios e pescadores e, neste ano, ter\u00e1 in\u00edcio um curso de Guia de Turismo, focando o turismo aqu\u00e1tico e o turismo de pesca. A inten\u00e7\u00e3o \u00e9 o fortalecimento do n\u00facleo como um campus tem\u00e1tico onde ser\u00e3o trabalhadas as potencialidades de Cabedelo.<\/p>\n<p>Fonte: PB Agora\/Ascom<\/p>\n","protected":false},"excerpt":{"rendered":"<p>O Instituto Federal de Educa\u00e7\u00e3o, Ci\u00eancia e Tecnologia da Para\u00edba (IFPB) &#8211; Campus Cabedelo realizou, na \u00faltima quinta-feira (15), no Teatro Santa Catarina, a solenidade&#8230;<\/p>\n","protected":false},"author":1182,"featured_media":10208,"comment_status":"closed","ping_status":"closed","sticky":false,"template":"","format":"standard","meta":{"footnotes":""},"categories":[6],"tags":[174,1426,1365,1323,18,1583,331,1269,1470],"class_list":["post-10207","post","type-post","status-publish","format-standard","has-post-thumbnail","hentry","category-noticias","tag-aquaviarios","tag-ciencia","tag-educacao","tag-federal","tag-formatura","tag-instituto","tag-paraiba","tag-tecnologia","tag-turma"],"_links":{"self":[{"href":"https:\/\/www.sincomam.org.br\/index.php\/wp-json\/wp\/v2\/posts\/10207","targetHints":{"allow":["GET"]}}],"collection":[{"href":"https:\/\/www.sincomam.org.br\/index.php\/wp-json\/wp\/v2\/posts"}],"about":[{"href":"https:\/\/www.sincomam.org.br\/index.php\/wp-json\/wp\/v2\/types\/post"}],"author":[{"embeddable":true,"href":"https:\/\/www.sincomam.org.br\/index.php\/wp-json\/wp\/v2\/users\/1182"}],"replies":[{"embeddable":true,"href":"https:\/\/www.sincomam.org.br\/index.php\/wp-json\/wp\/v2\/comments?post=10207"}],"version-history":[{"count":1,"href":"https:\/\/www.sincomam.org.br\/index.php\/wp-json\/wp\/v2\/posts\/10207\/revisions"}],"predecessor-version":[{"id":10209,"href":"https:\/\/www.sincomam.org.br\/index.php\/wp-json\/wp\/v2\/posts\/10207\/revisions\/10209"}],"wp:featuredmedia":[{"embeddable":true,"href":"https:\/\/www.sincomam.org.br\/index.php\/wp-json\/wp\/v2\/media\/10208"}],"wp:attachment":[{"href":"https:\/\/www.sincomam.org.br\/index.php\/wp-json\/wp\/v2\/media?parent=10207"}],"wp:term":[{"taxonomy":"category","embeddable":true,"href":"https:\/\/www.sincomam.org.br\/index.php\/wp-json\/wp\/v2\/categories?post=10207"},{"taxonomy":"post_tag","embeddable":true,"href":"https:\/\/www.sincomam.org.br\/index.php\/wp-json\/wp\/v2\/tags?post=10207"}],"curies":[{"name":"wp","href":"https:\/\/api.w.org\/{rel}","templated":true}]}}