{"id":10204,"date":"2015-01-21T09:47:51","date_gmt":"2015-01-21T11:47:51","guid":{"rendered":"http:\/\/www.sincomam.org.br\/?p=10204"},"modified":"2015-01-21T09:47:51","modified_gmt":"2015-01-21T11:47:51","slug":"petrobras-tem-novo-diretor-de-governanca","status":"publish","type":"post","link":"https:\/\/www.sincomam.org.br\/index.php\/petrobras-tem-novo-diretor-de-governanca\/","title":{"rendered":"Petrobras tem novo diretor de Governan\u00e7a"},"content":{"rendered":"<p>Tomou posse ontem (20), o novo diretor de Governan\u00e7a, Risco e Conformidade da Petrobras, o engenheiro Jo\u00e3o Adalberto Elek Junior, 56.<\/p>\n<p>O executivo foi escolhido na semana passada pelo Conselho de Administra\u00e7\u00e3o da empresa, a partir de uma lista tr\u00edplice elaborada pela empresa de sele\u00e7\u00e3o de executivos Korn Ferry.<\/p>\n<p>A nova diretoria foi criada em novembro, e ter\u00e1 como papel prevenir o risco de fraudes e corrup\u00e7\u00e3o nos neg\u00f3cios da companhia.<\/p>\n<p>Caber\u00e1 a Elek analisar todas as pautas que forem submetidas \u00e0 avalia\u00e7\u00e3o da diretoria da Petrobras.<\/p>\n<p>Ele tamb\u00e9m participar\u00e1 de um comit\u00ea, criado em dezembro, que acompanhar\u00e1 as investiga\u00e7\u00f5es que est\u00e3o sendo feitas por dois escrit\u00f3rios contratados pela Petrobras. Os outros dois integrantes s\u00e3o a ex-presidente do Supremo Tribunal Federal Ellen Gracie e o ex-executivo da Siemens Andreas Pohlmann. Elek ter\u00e1 tr\u00eas ger\u00eancias executivas para auxili\u00e1-lo.<\/p>\n<p>O executivo \u00e9 s\u00f3cio, desde 2012, da WSI, empresa de marketing digital. Antes, foi diretor de Finan\u00e7as e de Rela\u00e7\u00f5es com investidores na Fibria Celulose, entre agosto de 2010 e janeiro de 2012. Segundo a Petrobras, nesse cargo ele foi respons\u00e1vel tamb\u00e9m por controle e gest\u00e3o de riscos, ocupa\u00e7\u00e3o que seria semelhante a que exercer\u00e1 na estatal.<\/p>\n<p>Entre 2007 e 2010, Elek foi diretor financeiro da Net Servi\u00e7os. De 2000 a 2005, foi CEO do escrit\u00f3rio da americana AT&amp;T, de telecomunica\u00e7\u00f5es, no Brasil. Trabalhou 20 anos no Citibank, onde foi diretor financeiro.<\/p>\n<p>A cerim\u00f4nia foi fechada, com participa\u00e7\u00e3o da presidente Gra\u00e7a Foster, diretores e gerentes. (das ag\u00eancias)<\/p>\n<p>Fonte: O Povo (CE)<\/p>\n","protected":false},"excerpt":{"rendered":"<p>Tomou posse ontem (20), o novo diretor de Governan\u00e7a, Risco e Conformidade da Petrobras, o engenheiro Jo\u00e3o Adalberto Elek Junior, 56. O executivo foi escolhido&#8230;<\/p>\n","protected":false},"author":1182,"featured_media":7658,"comment_status":"closed","ping_status":"closed","sticky":false,"template":"","format":"standard","meta":{"footnotes":""},"categories":[6],"tags":[],"class_list":["post-10204","post","type-post","status-publish","format-standard","has-post-thumbnail","hentry","category-noticias"],"_links":{"self":[{"href":"https:\/\/www.sincomam.org.br\/index.php\/wp-json\/wp\/v2\/posts\/10204","targetHints":{"allow":["GET"]}}],"collection":[{"href":"https:\/\/www.sincomam.org.br\/index.php\/wp-json\/wp\/v2\/posts"}],"about":[{"href":"https:\/\/www.sincomam.org.br\/index.php\/wp-json\/wp\/v2\/types\/post"}],"author":[{"embeddable":true,"href":"https:\/\/www.sincomam.org.br\/index.php\/wp-json\/wp\/v2\/users\/1182"}],"replies":[{"embeddable":true,"href":"https:\/\/www.sincomam.org.br\/index.php\/wp-json\/wp\/v2\/comments?post=10204"}],"version-history":[{"count":1,"href":"https:\/\/www.sincomam.org.br\/index.php\/wp-json\/wp\/v2\/posts\/10204\/revisions"}],"predecessor-version":[{"id":10205,"href":"https:\/\/www.sincomam.org.br\/index.php\/wp-json\/wp\/v2\/posts\/10204\/revisions\/10205"}],"wp:featuredmedia":[{"embeddable":true,"href":"https:\/\/www.sincomam.org.br\/index.php\/wp-json\/wp\/v2\/media\/7658"}],"wp:attachment":[{"href":"https:\/\/www.sincomam.org.br\/index.php\/wp-json\/wp\/v2\/media?parent=10204"}],"wp:term":[{"taxonomy":"category","embeddable":true,"href":"https:\/\/www.sincomam.org.br\/index.php\/wp-json\/wp\/v2\/categories?post=10204"},{"taxonomy":"post_tag","embeddable":true,"href":"https:\/\/www.sincomam.org.br\/index.php\/wp-json\/wp\/v2\/tags?post=10204"}],"curies":[{"name":"wp","href":"https:\/\/api.w.org\/{rel}","templated":true}]}}