{"id":10197,"date":"2015-01-21T08:15:19","date_gmt":"2015-01-21T10:15:19","guid":{"rendered":"http:\/\/www.sincomam.org.br\/?p=10197"},"modified":"2015-01-20T11:20:55","modified_gmt":"2015-01-20T13:20:55","slug":"psefomm-2015-adaptacao-comecou-dia-1201","status":"publish","type":"post","link":"https:\/\/www.sincomam.org.br\/index.php\/psefomm-2015-adaptacao-comecou-dia-1201\/","title":{"rendered":"PSEFOMM 2015: adapta\u00e7\u00e3o come\u00e7ou dia 12\/01"},"content":{"rendered":"<p><strong><em>Candidatos dever\u00e3o comparecer nos Centros de Instru\u00e7\u00e3o entre 0600 e 0730 com os itens de Enxoval previstos em Edital e trajando cal\u00e7a azul, blusa, t\u00eanis e bon\u00e9 brancos. Recomenda-se que os candidatos homens compare\u00e7am de cabelo cortado no padr\u00e3o militar. Adapta\u00e7\u00e3o termina no dia 2 de fevereiro. Pode haver libera\u00e7\u00e3o aos finais de semana<br \/><\/em><\/strong><\/p>\n<p>A 4\u00aa e \u00faltima etapa do Processo Seletivo de acesso \u00e0 Escola de Forma\u00e7\u00e3o de Oficiais da Marinha Mercante (EFOMM) em 2015 j\u00e1 iniciou. Os candidatos titulares convocados em lista publicada no site oficial do concurso dever\u00e3o comparecer no Centro de Instru\u00e7\u00e3o Almirante Gra\u00e7a Aranha (CIAGA), na cidade do Rio de Janeiro, ou no Centro de Instru\u00e7\u00e3o Almirante Br\u00e1s de Aguiar (CIABA), em Bel\u00e9m do Par\u00e1, entre 0600 e 0730. O Per\u00edodo termina no dia 2 de fevereiro e pode haver libera\u00e7\u00e3o aos finais de semana.<\/p>\n<p>Os itens de enxoval exigidos no Edital do certame e uma s\u00e9rie de documentos de apresenta\u00e7\u00e3o obrigat\u00f3ria durante o Per\u00edodo dever\u00e3o ser levados pelos candidatos. Recomendamos, ainda, que, no dia, compare\u00e7a-se j\u00e1 trajando o chamado \u201cferaforme\u201d (cal\u00e7a azul sem marcas de estilo, camisa, t\u00eanis e bon\u00e9 brancos solicitados no enxoval). \u00c9 bom, tamb\u00e9m, que o candidato homem esteja, tamb\u00e9m, j\u00e1 com o corte de cabelo no padr\u00e3o militar (m\u00e1quinas 1 e 2, de baixo para cima, nessa ordem, com transi\u00e7\u00e3o disfar\u00e7ada a meia cabe\u00e7a e linhas de costeleta e \u201cp\u00e9zinho\u201d bem definidas). Os candidatos militares da ativa n\u00e3o dever\u00e3o comparecer uniformizados.<\/p>\n<p>O Edital do concurso define que o objetivo do Per\u00edodo de Adapta\u00e7\u00e3o da EFOMM \u00e9 promover a integra\u00e7\u00e3o dos candidatos \u00e0 estrutura organizacional dos Centros de Instru\u00e7\u00e3o e ambient\u00e1-los \u00e0s atividades e rotinas como alunos da Escola e do N\u00facleo de Forma\u00e7\u00e3o de Oficiais da Reserva da Marinha (NFORM). Assim, o Programa para o Per\u00edodo abrange diversos aspectos como: atividades f\u00edsicas, sele\u00e7\u00e3o para equipes desportivas e visitas a instala\u00e7\u00f5es dos Centros de Instru\u00e7\u00e3o. Palestras sobre a carreira de oficial da Marinha Mercante, regulamentos e regimentos internos dos Centros, normas disciplinares e direitos e deveres dos alunos tamb\u00e9m s\u00e3o ministradas aos candidatos.<\/p>\n<p>O Per\u00edodo de Adapta\u00e7\u00e3o e Verifica\u00e7\u00e3o de Documentos \u00e9 eliminat\u00f3rio. Durante essa etapa, os candidatos ficam sujeitos \u00e0s normas dos Centros de Instru\u00e7\u00e3o e aqueles que cometerem faltas disciplinares graves ou apresentarem documenta\u00e7\u00e3o falsa s\u00e3o eliminados da Sele\u00e7\u00e3o. Os candidatos que pedirem desist\u00eancia ao longo do Per\u00edodo, ter\u00e3o que indenizar a Marinha das pe\u00e7as de uniformes recebidas e n\u00e3o devolvidas e arcar com as despesas de translado de volta para casa, por conta pr\u00f3pria.<\/p>\n<p>O Processo Seletivo pretende selecionar jovens entre 17 e 23 anos para preencherem 395 vagas da EFOMM, sendo 230 para o CIAGA, na cidade do Rio de Janeiro, e 165 para o CIABA, em Bel\u00e9m do Par\u00e1. O concurso \u00e9 feito em 4 etapas. A 1\u00aa etapa, de Exame de Conhecimentos, ocorreu nos dias 16 e 17 de agosto. A 2\u00aa etapa, de Sele\u00e7\u00e3o Psicof\u00edsica, se iniciou no dia 25 de outubro. A 3\u00aa etapa, de Teste de Sufici\u00eancia F\u00edsica come\u00e7ou no dia 19 de novembro.<\/p>\n<p>Fonte: Jornal Pelicano<\/p>\n","protected":false},"excerpt":{"rendered":"<p>Candidatos dever\u00e3o comparecer nos Centros de Instru\u00e7\u00e3o entre 0600 e 0730 com os itens de Enxoval previstos em Edital e trajando cal\u00e7a azul, blusa, t\u00eanis&#8230;<\/p>\n","protected":false},"author":1182,"featured_media":10198,"comment_status":"closed","ping_status":"closed","sticky":false,"template":"","format":"standard","meta":{"footnotes":""},"categories":[6],"tags":[1580,1582,1517,336,370,168,1581],"class_list":["post-10197","post","type-post","status-publish","format-standard","has-post-thumbnail","hentry","category-noticias","tag-efomm","tag-etapas","tag-exame","tag-inscricoes","tag-marinha-mercante","tag-processo","tag-seletivo"],"_links":{"self":[{"href":"https:\/\/www.sincomam.org.br\/index.php\/wp-json\/wp\/v2\/posts\/10197","targetHints":{"allow":["GET"]}}],"collection":[{"href":"https:\/\/www.sincomam.org.br\/index.php\/wp-json\/wp\/v2\/posts"}],"about":[{"href":"https:\/\/www.sincomam.org.br\/index.php\/wp-json\/wp\/v2\/types\/post"}],"author":[{"embeddable":true,"href":"https:\/\/www.sincomam.org.br\/index.php\/wp-json\/wp\/v2\/users\/1182"}],"replies":[{"embeddable":true,"href":"https:\/\/www.sincomam.org.br\/index.php\/wp-json\/wp\/v2\/comments?post=10197"}],"version-history":[{"count":1,"href":"https:\/\/www.sincomam.org.br\/index.php\/wp-json\/wp\/v2\/posts\/10197\/revisions"}],"predecessor-version":[{"id":10199,"href":"https:\/\/www.sincomam.org.br\/index.php\/wp-json\/wp\/v2\/posts\/10197\/revisions\/10199"}],"wp:featuredmedia":[{"embeddable":true,"href":"https:\/\/www.sincomam.org.br\/index.php\/wp-json\/wp\/v2\/media\/10198"}],"wp:attachment":[{"href":"https:\/\/www.sincomam.org.br\/index.php\/wp-json\/wp\/v2\/media?parent=10197"}],"wp:term":[{"taxonomy":"category","embeddable":true,"href":"https:\/\/www.sincomam.org.br\/index.php\/wp-json\/wp\/v2\/categories?post=10197"},{"taxonomy":"post_tag","embeddable":true,"href":"https:\/\/www.sincomam.org.br\/index.php\/wp-json\/wp\/v2\/tags?post=10197"}],"curies":[{"name":"wp","href":"https:\/\/api.w.org\/{rel}","templated":true}]}}