{"id":10189,"date":"2015-01-20T09:25:09","date_gmt":"2015-01-20T11:25:09","guid":{"rendered":"http:\/\/www.sincomam.org.br\/?p=10189"},"modified":"2015-01-20T09:25:09","modified_gmt":"2015-01-20T11:25:09","slug":"alta-de-impostos-de-combustivel-sera-repassada-a-refinarias-diz-petrobras","status":"publish","type":"post","link":"https:\/\/www.sincomam.org.br\/index.php\/alta-de-impostos-de-combustivel-sera-repassada-a-refinarias-diz-petrobras\/","title":{"rendered":"Alta de impostos de combust\u00edvel ser\u00e1 repassada a refinarias, diz Petrobras"},"content":{"rendered":"<p><strong><em>Governo anunciou aumento de impostos para gasolina e diesel. Petrobras informou que o valor ser\u00e1 embutido em seu pre\u00e7o de venda<\/em><\/strong><\/p>\n<p>A Petrobras informou na noite desta segunda-feira (19) que o pre\u00e7o l\u00edquido para a empresa na venda de combust\u00edveis ficar\u00e1 inalterado, ap\u00f3s o an\u00fancio do Ministro da Fazenda, Joaquim Levy, sobre o aumento do PIS, a Contribui\u00e7\u00e3o para Financiamento da Seguridade Social (Cofins) e a Contribui\u00e7\u00e3o de Interven\u00e7\u00e3o no Dom\u00ednio Econ\u00f4mico (Cide) sobre a gasolina e o diesel.<\/p>\n<p>Isso significa que a Petrobras ir\u00e1 acrescer o valor desses dois impostos nas vendas das refinarias para as distribuidoras. O aumento do pre\u00e7o nas bombas para o consumidor depende de determina\u00e7\u00e3o dos postos.<\/p>\n<p><strong>O aumento<\/strong><\/p>\n<p>O ministro da Fazenda anunciou nesta segunda a eleva\u00e7\u00e3o do PIS, da Cofins e da Cide sobre os combust\u00edveis. Segundo Levy, o impacto ser\u00e1 de R$ 0,22 para a gasolina e de R$ 0,15 para o diesel. O PIS e a Cofins ter\u00e3o alta imediata, mas o aumento da Cide s\u00f3 ter\u00e1 validade daqui a 90 dias. A expectativa do governo \u00e9 arrecadar R$ 12,18 bilh\u00f5es com esta medida em 2015.<\/p>\n<p>&#8220;Daqui a tr\u00eas meses [quando come\u00e7ar a valer o aumento da Cide], temos inten\u00e7\u00e3o de reduzir o PIS e a Cofins&#8221;, declarou ele. Questionado sobre qual ser\u00e1 o impacto no pre\u00e7o dos produtos para o consumidor, o ministro informou que &#8220;isso vai depender da evolu\u00e7\u00e3o do mercado e da politica de pre\u00e7os da Petrobras&#8221;.<\/p>\n<p>O presidente da Federa\u00e7\u00e3o Nacional do Com\u00e9rcio de Combust\u00edveis e de Lubrificantes (Fecombust\u00edveis), Paulo Miranda, afirmou nesta segunda que o repasse do retorno da Contribui\u00e7\u00e3o de Interven\u00e7\u00e3o no Dom\u00ednio Econ\u00f4mico (Cide) sobre os combust\u00edveis no pre\u00e7o pago pelos consumidores nos postos \u00e9 uma &#8220;tend\u00eancia natural&#8221;.<\/p>\n<p>Ele defende a redu\u00e7\u00e3o dos pre\u00e7os cobrados pela Petrobras nas refinarias para evitar que o novo custo seja repassado \u00e0s bombas.<\/p>\n<p>Cide teve sua al\u00edquota zerara em 2012 justamente para atenuar nos \u00faltimos anos o impacto do aumento do pre\u00e7os pre\u00e7os cobrados pela Petrobras.<\/p>\n<p>Agora, com a queda do pre\u00e7o do petr\u00f3leo e dos combust\u00edveis no mercado internacional, a Fecombust\u00edveis avalia que a Petrobras tem margem para reduzir os seus pre\u00e7os. &#8220;Seria o mais inteligente para n\u00e3o impactar o consumidor e compensar a cobran\u00e7a da Cide&#8221;, afirmou Miranda.<\/p>\n<p>A compensa\u00e7\u00e3o, segundo ele, ser\u00e1 defendida em reuni\u00e3o do Minist\u00e9rio de Minas e Energia com representantes do setor de combust\u00edveis marcada para a quinta-feira (22).<\/p>\n<p>Ao ser questionado nesta segunda-feira sobre o impacto no pre\u00e7o dos produtos para o consumidor, Levy afirmou que isso dependeria &#8220;da evolu\u00e7\u00e3o do mercado e da pol\u00edtica de pre\u00e7os da Petrobras&#8221;.<\/p>\n<p><strong>Pre\u00e7o da gasolina est\u00e1 quase 70% acima do internacional<\/strong><\/p>\n<p>Com a queda do pre\u00e7o do petr\u00f3leo, a Petrobras passou a vender os combust\u00edveis com um pr\u00eamio expressivo em rela\u00e7\u00e3o a valores internacionais. O pre\u00e7o da gasolina nas refinarias do Brasil j\u00e1 est\u00e1 quase 70% acima do pre\u00e7o da refer\u00eancia internacional do combust\u00edvel, segundo c\u00e1lculos do Centro Brasileiro de Infraestrutura (CBIE).<\/p>\n<p>Trata-se da maior diferen\u00e7a desde o final de outubro do ano passado quando os pre\u00e7os dos combust\u00edveis no Brasil deixaram de estar defasados em rela\u00e7\u00e3o ao mercado internacional.<\/p>\n<p>Fonte: G1 &#8211; Economia<\/p>\n","protected":false},"excerpt":{"rendered":"<p>Governo anunciou aumento de impostos para gasolina e diesel. Petrobras informou que o valor ser\u00e1 embutido em seu pre\u00e7o de venda A Petrobras informou na&#8230;<\/p>\n","protected":false},"author":1182,"featured_media":0,"comment_status":"closed","ping_status":"closed","sticky":false,"template":"","format":"standard","meta":{"footnotes":""},"categories":[6],"tags":[],"class_list":["post-10189","post","type-post","status-publish","format-standard","hentry","category-noticias"],"_links":{"self":[{"href":"https:\/\/www.sincomam.org.br\/index.php\/wp-json\/wp\/v2\/posts\/10189","targetHints":{"allow":["GET"]}}],"collection":[{"href":"https:\/\/www.sincomam.org.br\/index.php\/wp-json\/wp\/v2\/posts"}],"about":[{"href":"https:\/\/www.sincomam.org.br\/index.php\/wp-json\/wp\/v2\/types\/post"}],"author":[{"embeddable":true,"href":"https:\/\/www.sincomam.org.br\/index.php\/wp-json\/wp\/v2\/users\/1182"}],"replies":[{"embeddable":true,"href":"https:\/\/www.sincomam.org.br\/index.php\/wp-json\/wp\/v2\/comments?post=10189"}],"version-history":[{"count":1,"href":"https:\/\/www.sincomam.org.br\/index.php\/wp-json\/wp\/v2\/posts\/10189\/revisions"}],"predecessor-version":[{"id":10190,"href":"https:\/\/www.sincomam.org.br\/index.php\/wp-json\/wp\/v2\/posts\/10189\/revisions\/10190"}],"wp:attachment":[{"href":"https:\/\/www.sincomam.org.br\/index.php\/wp-json\/wp\/v2\/media?parent=10189"}],"wp:term":[{"taxonomy":"category","embeddable":true,"href":"https:\/\/www.sincomam.org.br\/index.php\/wp-json\/wp\/v2\/categories?post=10189"},{"taxonomy":"post_tag","embeddable":true,"href":"https:\/\/www.sincomam.org.br\/index.php\/wp-json\/wp\/v2\/tags?post=10189"}],"curies":[{"name":"wp","href":"https:\/\/api.w.org\/{rel}","templated":true}]}}