{"id":10187,"date":"2015-01-20T09:08:29","date_gmt":"2015-01-20T11:08:29","guid":{"rendered":"http:\/\/www.sincomam.org.br\/?p=10187"},"modified":"2015-01-20T09:08:29","modified_gmt":"2015-01-20T11:08:29","slug":"confira-o-que-abre-e-que-fecha-no-rio-durante-o-feriado-de-sao-sebastiao","status":"publish","type":"post","link":"https:\/\/www.sincomam.org.br\/index.php\/confira-o-que-abre-e-que-fecha-no-rio-durante-o-feriado-de-sao-sebastiao\/","title":{"rendered":"Confira o que abre e que fecha no Rio durante o feriado de S\u00e3o Sebasti\u00e3o"},"content":{"rendered":"<p><strong><em>Mais de 240 mil pessoas devem passar pela Rodovi\u00e1ria Novo Rio. Shoppings ter\u00e3o funcionamento especial para o p\u00fablico<\/em><\/strong><\/p>\n<p>Nesta ter\u00e7a-feira (20) \u00e9 feriado no Rio por causa do dia de S\u00e3o Sebasti\u00e3o, padroeiro da cidade. O G1 separou uma lista com o que abre e fecha durante o per\u00edodo de recesso. Enquanto os meios de transporte ter\u00e3o equipes refor\u00e7adas, institui\u00e7\u00f5es p\u00fablicas da Cidade Maravilhosa ter\u00e3o funcionamento com escala especial.<\/p>\n<p>A rodovi\u00e1ria Novo Rio ir\u00e1 receber mais de 200 mil pessoas entre sexta-feira (16 e a quarta-feira (21). A concession\u00e1ria que administra o terminal aconselha que os passageiros comprem passagens antecipadamente.<\/p>\n<p><strong>Confira o que abre e fecha:<\/strong><\/p>\n<p><strong>Trens<\/strong><\/p>\n<p>De acordo com a SuperVia, os trens ir\u00e3o circular entre 4h40 e 20h30, na ter\u00e7a-feira (20), de acordo com o planejamento para cada ramal. J\u00e1 na segunda-feira-feira (19), a grade ser\u00e1 a mesma de dia \u00fatil. Os passageiros podem consultar os hor\u00e1rios nas esta\u00e7\u00f5es, na se\u00e7\u00e3o &#8220;Planeje a Sua Viagem&#8221; dispon\u00edvel no aplicativo e no site da concession\u00e1ria.<\/p>\n<p><strong>Supermercados<\/strong><\/p>\n<p>As redes de supermercados ir\u00e3o funcionar normalmente em hor\u00e1rio comercial, das 7h at\u00e9 as 20h. Apesar do fechamento ser facultativo, o sindicato da categoria acredita que todas as redes devem estar abertas.<\/p>\n<p><strong>Metr\u00f4<\/strong><\/p>\n<p>Para quem ir\u00e1 utilizar o servi\u00e7o do Metr\u00f4 Rio, no s\u00e1bado o transporte ir\u00e1 funcionar das 5h at\u00e9 \u00e0s 00h com transferencia de linhas na esta\u00e7\u00e3o Est\u00e1cio; no domingo, das 7h \u00e0s 23h com transferencia na Est\u00e1cio; na segunda, das 5h \u00e0 00h com transferencia entre Botafogo e Central (mesmo funcionamento de dia \u00fatil); na ter\u00e7a-feira, das 7h \u00e0s 23h com transfer\u00eancia na Est\u00e1cio.<\/p>\n<p><strong>Bancos<\/strong><\/p>\n<p>Na segunda-feira (19), o expediente das ag\u00eancias banc\u00e1rias ser\u00e1 normal com in\u00edcio \u00e0s 10h ate as 16h. J\u00e1 na ter\u00e7a-feira (20) n\u00e3o ir\u00e3o abrir as ag\u00eancias. Os cariocas poder\u00e3o utilizar os servi\u00e7os de caixa eletr\u00f4nico tamb\u00e9m durante o feriado.<\/p>\n<p><strong>Rodovi\u00e1ria<\/strong><\/p>\n<p>De acordo com a previs\u00e3o estat\u00edstica do Cons\u00f3rcio Novo Rio, grupo que administra a Rodovi\u00e1ria Novo Rio, mais de 277 mil passageiros dever\u00e3o utilizar o terminal, de sexta-feira (16) at\u00e9 quarta-feira (21\/01), para viajar durante o feriad\u00e3o de S\u00e3o Sebasti\u00e3o. Ser\u00e3o 32,9 mil passageiros embarcando em mil \u00f4nibus, somenta na sexta-feira. O movimento maior de retorno ser\u00e1 na ter\u00e7a, com 21,8 mil passageiros desembarcando.<\/p>\n<p>A maior procura de passagens foi verificada para as regi\u00f5es dos Lagos e Serrana do Rio.\u00a0 Para evitar as correrias de \u00faltima hora, o Cons\u00f3rcio recomenda que os usu\u00e1rios comprem suas passagens com anteced\u00eancia.<\/p>\n<p><strong>Shoppings<\/strong><\/p>\n<p>Os shoppings do grupo BRMALLS ter\u00e3o hor\u00e1rios especiais de funcionamento durante o recesso. As lojas abrem \u00e0s 15h no Center Shopping, Ilha Plaza, Shopping Via Brasil e West Shopping. J\u00e1 o NorteShopping, Recreio Shopping e Shopping Tijuca ter\u00e3o lojas em funcionamento a partir das 13h. Em Niter\u00f3i n\u00e3o \u00e9 feriado e o Plaza Shopping funciona regularmente.<\/p>\n<p>Outros shoppings tamb\u00e9m se prepararam para receber o p\u00fablico durante o feriado. No Santa Cruz Shopping, as lojas funcionar\u00e3o das 15h \u00e0s 21h. A Pra\u00e7a de Alimenta\u00e7\u00e3o, das 12h \u00e0s 21h. O Passeio Shopping n\u00e3o ir\u00e1 abrir durante todo o recesso.<\/p>\n<p>Fonte: G1<\/p>\n","protected":false},"excerpt":{"rendered":"<p>Mais de 240 mil pessoas devem passar pela Rodovi\u00e1ria Novo Rio. Shoppings ter\u00e3o funcionamento especial para o p\u00fablico Nesta ter\u00e7a-feira (20) \u00e9 feriado no Rio&#8230;<\/p>\n","protected":false},"author":1182,"featured_media":3740,"comment_status":"closed","ping_status":"closed","sticky":false,"template":"","format":"standard","meta":{"footnotes":""},"categories":[6],"tags":[],"class_list":["post-10187","post","type-post","status-publish","format-standard","has-post-thumbnail","hentry","category-noticias"],"_links":{"self":[{"href":"https:\/\/www.sincomam.org.br\/index.php\/wp-json\/wp\/v2\/posts\/10187","targetHints":{"allow":["GET"]}}],"collection":[{"href":"https:\/\/www.sincomam.org.br\/index.php\/wp-json\/wp\/v2\/posts"}],"about":[{"href":"https:\/\/www.sincomam.org.br\/index.php\/wp-json\/wp\/v2\/types\/post"}],"author":[{"embeddable":true,"href":"https:\/\/www.sincomam.org.br\/index.php\/wp-json\/wp\/v2\/users\/1182"}],"replies":[{"embeddable":true,"href":"https:\/\/www.sincomam.org.br\/index.php\/wp-json\/wp\/v2\/comments?post=10187"}],"version-history":[{"count":1,"href":"https:\/\/www.sincomam.org.br\/index.php\/wp-json\/wp\/v2\/posts\/10187\/revisions"}],"predecessor-version":[{"id":10188,"href":"https:\/\/www.sincomam.org.br\/index.php\/wp-json\/wp\/v2\/posts\/10187\/revisions\/10188"}],"wp:featuredmedia":[{"embeddable":true,"href":"https:\/\/www.sincomam.org.br\/index.php\/wp-json\/wp\/v2\/media\/3740"}],"wp:attachment":[{"href":"https:\/\/www.sincomam.org.br\/index.php\/wp-json\/wp\/v2\/media?parent=10187"}],"wp:term":[{"taxonomy":"category","embeddable":true,"href":"https:\/\/www.sincomam.org.br\/index.php\/wp-json\/wp\/v2\/categories?post=10187"},{"taxonomy":"post_tag","embeddable":true,"href":"https:\/\/www.sincomam.org.br\/index.php\/wp-json\/wp\/v2\/tags?post=10187"}],"curies":[{"name":"wp","href":"https:\/\/api.w.org\/{rel}","templated":true}]}}