{"id":10171,"date":"2015-01-19T10:02:11","date_gmt":"2015-01-19T12:02:11","guid":{"rendered":"http:\/\/www.sincomam.org.br\/?p=10171"},"modified":"2015-01-19T10:02:11","modified_gmt":"2015-01-19T12:02:11","slug":"franca-usara-porta-avioes-contra-estado-islamico","status":"publish","type":"post","link":"https:\/\/www.sincomam.org.br\/index.php\/franca-usara-porta-avioes-contra-estado-islamico\/","title":{"rendered":"Fran\u00e7a usar\u00e1 porta-avi\u00f5es contra Estado Isl\u00e2mico"},"content":{"rendered":"<p>O Presidente do pa\u00eds atacado, Fran\u00e7ois Hollande anuncia envio de navios com poder nuclear para enfrentar grupo radical isl\u00e2mico<\/p>\n<p>A disposi\u00e7\u00e3o, revelada ontem pelo presidente Fran\u00e7ois Hollande, de enviar o Grupo Aeronaval da Marinha para atacar o Estado Isl\u00e2mico \u2013 no Iraque e talvez na S\u00edria, a partir do Golfo P\u00e9rsico \u2013 eleva a escalada militar para o pen\u00faltimo patamar.<\/p>\n<p>O jogo da guerra ao terror ficou pesado na Fran\u00e7a. Depois disso, s\u00f3 resta o recurso da interven\u00e7\u00e3o por meio da a\u00e7\u00e3o direta, com o emprego de tropas terrestres. A flotilha liderada pelo porta-avi\u00f5es R-91 Charles de Gaulle, de propuls\u00e3o nuclear, pode muito. O enorme navio lan\u00e7ador de at\u00e9 40 avi\u00f5es e helic\u00f3pteros de v\u00e1rios tipos \u00e9 acompanhado por uma fragata de defesa a\u00e9rea equipada com m\u00edsseis e canh\u00f5es, por um destr\u00f3ier antissubmarino, mais um navio de apoio, misto de tanque e de suprimentos.<\/p>\n<p>O time se completa com um submarino at\u00f4mico de ataque da classe Triomphant, eventualmente armado com 16 ogivas nucleares.<\/p>\n<p><strong>Primeiros exerc\u00edcios<\/strong><\/p>\n<p>A primeira parte da miss\u00e3o \u00e9 uma s\u00e9rie de exerc\u00edcios no Oceano \u00cdndico. Depois, a embarca\u00e7\u00e3o se dirigir\u00e1 ao Oriente M\u00e9dio.<\/p>\n<p>O De Gaulle mede 261 metros, \u00e9 tripulado por cerca de 1.900 militares, desloca 42 mil toneladas e leva dois esquadr\u00f5es da vers\u00e3o para avia\u00e7\u00e3o naval do ca\u00e7a supers\u00f4nico Rafale. Claro, a frota a\u00e9rea embarcada \u00e9 complementada por aeronaves especializadas na coleta de dados de intelig\u00eancia, observa\u00e7\u00e3o, alerta avan\u00e7ado, de combate a submarinos e de transporte.<\/p>\n<p>Um ex-oficial do Ex\u00e9rcito franc\u00eas ouvido ontem pelo Estado disse que o anunciado plano do governo, de listar os nomes e controlar os movimentos de jihadistas, deve ser visto como \u201cum desconforto em benef\u00edcio das garantias\u201d. Ele prev\u00ea que haja \u201ctransforma\u00e7\u00f5es radicais durante um ciclo de 10 a 15 anos\u201d na estrutura da Defesa da Fran\u00e7a \u201cpara reagir depressa e com efici\u00eancia\u201d.<\/p>\n<p>O pronunciamento do presidente Hollande \u00e0s For\u00e7as Armadas e \u00e0s ag\u00eancias policiais envolvidas semana passada na ca\u00e7a aos terroristas do atentado ao jornal Charlie Hebdo antecipou uma mudan\u00e7a conceitual na repress\u00e3o aos movimentos radicais.<\/p>\n<p>O l\u00edder franc\u00eas deu destaque ao bem-sucedido trabalho conjunto dos quase 100 mil homens e mulheres mobilizados \u2013 em um dado momento, h\u00e1 uma semana, havia 88 mil deles atuando em todo o pa\u00eds.<\/p>\n<p>A integra\u00e7\u00e3o \u201csignifica for\u00e7a e ser\u00e1 preservada\u201d, frisou Hollande. A primeira fila dos participantes da cerim\u00f4nia foi reservada para os representantes das organiza\u00e7\u00f5es de seguran\u00e7a. Por escolha pr\u00f3pria, divulgou o Minist\u00e9rio do Interior, eles estavam l\u00e1 sem m\u00e1scaras, gorros ou \u00f3culos escuros que protegessem suas identidades.<\/p>\n<p>Fonte: Estad\u00e3o<\/p>\n","protected":false},"excerpt":{"rendered":"<p>O Presidente do pa\u00eds atacado, Fran\u00e7ois Hollande anuncia envio de navios com poder nuclear para enfrentar grupo radical isl\u00e2mico A disposi\u00e7\u00e3o, revelada ontem pelo presidente&#8230;<\/p>\n","protected":false},"author":1182,"featured_media":10172,"comment_status":"closed","ping_status":"closed","sticky":false,"template":"","format":"standard","meta":{"footnotes":""},"categories":[6],"tags":[],"class_list":["post-10171","post","type-post","status-publish","format-standard","has-post-thumbnail","hentry","category-noticias"],"_links":{"self":[{"href":"https:\/\/www.sincomam.org.br\/index.php\/wp-json\/wp\/v2\/posts\/10171","targetHints":{"allow":["GET"]}}],"collection":[{"href":"https:\/\/www.sincomam.org.br\/index.php\/wp-json\/wp\/v2\/posts"}],"about":[{"href":"https:\/\/www.sincomam.org.br\/index.php\/wp-json\/wp\/v2\/types\/post"}],"author":[{"embeddable":true,"href":"https:\/\/www.sincomam.org.br\/index.php\/wp-json\/wp\/v2\/users\/1182"}],"replies":[{"embeddable":true,"href":"https:\/\/www.sincomam.org.br\/index.php\/wp-json\/wp\/v2\/comments?post=10171"}],"version-history":[{"count":1,"href":"https:\/\/www.sincomam.org.br\/index.php\/wp-json\/wp\/v2\/posts\/10171\/revisions"}],"predecessor-version":[{"id":10173,"href":"https:\/\/www.sincomam.org.br\/index.php\/wp-json\/wp\/v2\/posts\/10171\/revisions\/10173"}],"wp:featuredmedia":[{"embeddable":true,"href":"https:\/\/www.sincomam.org.br\/index.php\/wp-json\/wp\/v2\/media\/10172"}],"wp:attachment":[{"href":"https:\/\/www.sincomam.org.br\/index.php\/wp-json\/wp\/v2\/media?parent=10171"}],"wp:term":[{"taxonomy":"category","embeddable":true,"href":"https:\/\/www.sincomam.org.br\/index.php\/wp-json\/wp\/v2\/categories?post=10171"},{"taxonomy":"post_tag","embeddable":true,"href":"https:\/\/www.sincomam.org.br\/index.php\/wp-json\/wp\/v2\/tags?post=10171"}],"curies":[{"name":"wp","href":"https:\/\/api.w.org\/{rel}","templated":true}]}}