{"id":10147,"date":"2015-01-16T08:00:55","date_gmt":"2015-01-16T10:00:55","guid":{"rendered":"http:\/\/www.sincomam.org.br\/?p=10147"},"modified":"2015-01-16T10:11:12","modified_gmt":"2015-01-16T12:11:12","slug":"cronica-a-vida-como-ela-e","status":"publish","type":"post","link":"https:\/\/www.sincomam.org.br\/index.php\/cronica-a-vida-como-ela-e\/","title":{"rendered":"Cr\u00f4nica: \u201cA Vida Como Ela \u00c9 \u00b4\u201d"},"content":{"rendered":"<p>Pai, antes de ver o filho nascer, leva a m\u00e3e ao m\u00e9dico para fazer o pr\u00e9-natal, para ver se est\u00e1 tudo bem; s\u00e3o os primeiros cuidados. \u00a0Ao nascer: que lindinho, mas j\u00e1 come\u00e7a as preocupa\u00e7\u00f5es, pediatra, despesas com plano de sa\u00fade, e a passar noites acordado, pois o lindinho troca a noite pelo dia.<br \/><strong><br \/>Aos 5 anos:<\/strong> quero colo, quero chupeta, quero aten\u00e7\u00e3o e carinho, e fa\u00e7o birra para conseguir tudo que quero.<\/p>\n<p><strong>Aos 10 anos:<\/strong> quero passear, quero mesada e quero que meu pai fa\u00e7a minhas vontades, mas come\u00e7o a perder a gra\u00e7a e fazer malcria\u00e7\u00e3o, e ai j\u00e1 ganho umas broncas.<\/p>\n<p><strong>Aos 15 anos:<\/strong> Sou espada, pegador e todas as gatinhas a fim de mim, e meu pai me enche o saco com seus conselhos, avisos e cuidados que devo tomar, e insiste para eu ir \u00e0 igreja, n\u00e3o aguento mais!<\/p>\n<p style=\"text-align: left;\"><strong>Aos 20 anos:<\/strong> j\u00e1 servi ao ex\u00e9rcito, vou procurar emprego e meu pai \u00e9 insuport\u00e1vel com suas cobran\u00e7as, n\u00e3o aguento mais ouvir dizer com quem devo ter amizades e suas recomenda\u00e7\u00f5es caretas e cafonas, s\u00f3 fica em meu ouvido bl\u00e1,bl\u00e1,bl\u00e1&#8230;. Que coisa mais antiga! Vou embora dessa casa.<\/p>\n<p><strong>Aos 25 anos:<\/strong> j\u00e1 moro s\u00f3, tenho que lavar e passar minhas roupas, com o sal\u00e1rio curto, tenho pagar a faculdade e todas as contas e sair com as gatas, n\u00e3o d\u00e1, mas vou ter que pegar um empr\u00e9stimo, mas espera ai? Se eu pedir um extra ao ve\u2026&#8230;ser\u00e1 que ele vai dar? &#8230; Mas \u00e9 claro que sim!<\/p>\n<p><strong>Aos 35 anos:<\/strong> j\u00e1 sou pai, gosto de tirar uma soneca no sof\u00e1 e dizer: &#8211; Meu amor, pe\u00e7a \u00e0s crian\u00e7as para n\u00e3o fazer barulho que eu estou descansando. Ah, seria neste final de semana que sua m\u00e3e vai vir ficar conosco? Ent\u00e3o, tome conta das crian\u00e7as junto com ela, pois j\u00e1 assumi um compromisso h\u00e1 mais de um m\u00eas e preciso viajar com meus amigos para jogar aquela partida de futebol. N\u00e3o fique chateada, volto na segunda- feira, beijos!<\/p>\n<p><strong>Aos 40 anos:<\/strong> acordo cedo, conto quantos anos ainda faltam para me aposentar, sempre que poss\u00edvel levo as crian\u00e7as \u00e0 escola, dias dos pais participo de gincanas na escola juntos com os outros pais (que saco!) e na frente dos amiguinhos deles participo da corrida de saco, ovo na colher, futebol, mesmo sendo \u201cperna de pau\u201d, e tenho que ser o primeiro colocado. Ensinar o dever de casa, tenho que fazer o supermercado, pagar contas de g\u00e1s, luz, telefone, internet , carn\u00eas, mensalidade escolar, financiamento do im\u00f3vel, fazer manuten\u00e7\u00e3o e colocar gasolina no carro e ainda assim, minha mulher reclama da vida que leva&#8230;&#8230;. <\/p>\n<p>Sento no meu cantinho do sof\u00e1 e fa\u00e7o uma retrospectiva da minha \u00a0inf\u00e2ncia at\u00e9 os dias de hoje e concluo: &#8211; \u201cMEU PAI TINHA RAZ\u00c3O\u201d.<\/p>\n<p>\u00a0 \u00a0 \u00a0 \u00a0 \u00a0 \u00a0 \u00a0 \u00a0 \u00a0 \u00a0 \u00a0 \u00a0 \u00a0 \u00a0 \u00a0 \u00a0<br \/>\u00a0 \u00a0 \u00a0 \u00a0 \u00a0 \u00a0 \u00a0 \u00a0 \u00a0 \u00a0 \u00a0 \u00a0 \u00a0 \u00a0 \u00a0 \u00a0 \u00a0 \u00a0 \u00a0 \u00a0 \u00a0Diretor-Presidente do SINCOMAM<br \/>\u00a0 \u00a0 \u00a0 \u00a0 \u00a0 \u00a0 \u00a0 \u00a0 \u00a0 \u00a0 \u00a0 \u00a0 \u00a0 \u00a0 \u00a0 \u00a0 \u00a0 \u00a0 \u00a0 \u00a0 \u00a0 \u00a0 \u00a0 \u00a0 \u00a0 \u00a0Alcir da Costa Albernoz<\/p>\n","protected":false},"excerpt":{"rendered":"<p>Pai, antes de ver o filho nascer, leva a m\u00e3e ao m\u00e9dico para fazer o pr\u00e9-natal, para ver se est\u00e1 tudo bem; s\u00e3o os primeiros&#8230;<\/p>\n","protected":false},"author":1182,"featured_media":10153,"comment_status":"closed","ping_status":"closed","sticky":false,"template":"","format":"standard","meta":{"footnotes":""},"categories":[6],"tags":[1579,1578,1574,1577,1449,1576,314,17,1575],"class_list":["post-10147","post","type-post","status-publish","format-standard","has-post-thumbnail","hentry","category-noticias","tag-albernoz","tag-alcir","tag-cronica","tag-filhos","tag-historia","tag-pais","tag-presidente","tag-sincomam","tag-vida"],"_links":{"self":[{"href":"https:\/\/www.sincomam.org.br\/index.php\/wp-json\/wp\/v2\/posts\/10147","targetHints":{"allow":["GET"]}}],"collection":[{"href":"https:\/\/www.sincomam.org.br\/index.php\/wp-json\/wp\/v2\/posts"}],"about":[{"href":"https:\/\/www.sincomam.org.br\/index.php\/wp-json\/wp\/v2\/types\/post"}],"author":[{"embeddable":true,"href":"https:\/\/www.sincomam.org.br\/index.php\/wp-json\/wp\/v2\/users\/1182"}],"replies":[{"embeddable":true,"href":"https:\/\/www.sincomam.org.br\/index.php\/wp-json\/wp\/v2\/comments?post=10147"}],"version-history":[{"count":4,"href":"https:\/\/www.sincomam.org.br\/index.php\/wp-json\/wp\/v2\/posts\/10147\/revisions"}],"predecessor-version":[{"id":10154,"href":"https:\/\/www.sincomam.org.br\/index.php\/wp-json\/wp\/v2\/posts\/10147\/revisions\/10154"}],"wp:featuredmedia":[{"embeddable":true,"href":"https:\/\/www.sincomam.org.br\/index.php\/wp-json\/wp\/v2\/media\/10153"}],"wp:attachment":[{"href":"https:\/\/www.sincomam.org.br\/index.php\/wp-json\/wp\/v2\/media?parent=10147"}],"wp:term":[{"taxonomy":"category","embeddable":true,"href":"https:\/\/www.sincomam.org.br\/index.php\/wp-json\/wp\/v2\/categories?post=10147"},{"taxonomy":"post_tag","embeddable":true,"href":"https:\/\/www.sincomam.org.br\/index.php\/wp-json\/wp\/v2\/tags?post=10147"}],"curies":[{"name":"wp","href":"https:\/\/api.w.org\/{rel}","templated":true}]}}