{"id":10144,"date":"2015-01-16T09:42:11","date_gmt":"2015-01-16T11:42:11","guid":{"rendered":"http:\/\/www.sincomam.org.br\/?p=10144"},"modified":"2015-01-16T09:42:11","modified_gmt":"2015-01-16T11:42:11","slug":"comperj-tem-quarto-dia-de-demissoes-e-protesto-de-trabalhadores","status":"publish","type":"post","link":"https:\/\/www.sincomam.org.br\/index.php\/comperj-tem-quarto-dia-de-demissoes-e-protesto-de-trabalhadores\/","title":{"rendered":"Comperj tem quarto dia de demiss\u00f5es e protesto de trabalhadores"},"content":{"rendered":"<p>Pelo quarto dia consecutivo, oper\u00e1rios do Comperj (Complexo Petroqu\u00edmico do Rio), refinaria da Petrobras em constru\u00e7\u00e3o em Itabora\u00ed, regi\u00e3o metropolitana do Rio, bloquearam os acessos \u00e0s obras do empreendimento em protesto contra demiss\u00f5es e atrasos de sal\u00e1rios de empresas fornecedoras da Petrobras.<\/p>\n<p>Na manh\u00e3 desta quinta-feira (16), trabalhadores da Alumini, antiga Alusa, voltaram a ocupar o trevo de uma das pistas que d\u00e1 acesso ao complexo.<\/p>\n<p>De acordo com a Pol\u00edcia Militar, cerca de 200 pessoas participaram da manifesta\u00e7\u00e3o. Houve tumultos e, segundo a pol\u00edcia, quatro pessoas foram detidas com fogos de artif\u00edcio. Policiais utilizaram bombas de efeito moral para dispersar o protesto. Dois \u00f4nibus que transportam os empregados para a obra foram atingidos por pedras. A situa\u00e7\u00e3o teria sido normalizada no in\u00edcio da tarde.<\/p>\n<p>A empresa Alumini passa por momento de dificuldades financeiras. Desde novembro, a empresa j\u00e1 demitiu 500 pessoas da obra do Comperj, que n\u00e3o receberam todos seus encargos trabalhistas. Outros 2.500 empregados est\u00e3o com sal\u00e1rios referentes a dezembro atrasados. Ap\u00f3s audi\u00eancia na quarta-feira com trabalhadores da empresa, o Minist\u00e9rio P\u00fablico do Trabalho do Rio decidiu abrir duas a\u00e7\u00f5es civis p\u00fablicas contra a empresa, pelo n\u00e3o pagamento de sal\u00e1rios e por d\u00edvidas trabalhistas.<\/p>\n<p>Segundo o Sintramon (Sindicato dos Trabalhadores Empregados nas Empresas de Montagem e Manuten\u00e7\u00e3o Industrial da Cidade de Itabora\u00ed), ligado \u00e0 CUT (Central \u00danica dos Trabalhadores), durante a manh\u00e3 desta quinta, enquanto ocorria a manifesta\u00e7\u00e3o, outros 600 funcion\u00e1rios foram demitidos, desta vez do cons\u00f3rcio Tubovias, que tem a Andrade Gutierrez e a GDK como integrantes. A Andrade Gutierrez informou que &#8220;o fluxo de contrata\u00e7\u00f5es e desligamento do cons\u00f3rcio segue o andamento normal previsto proposto pelo cliente \u00e0 Petrobras&#8221;.<\/p>\n<p>Ainda de acordo com o Sintramon, desde a semana passada, cerca de 4.100 pessoas foram demitidas do Comperj. Na ter\u00e7a-feira, cerca de 600 oper\u00e1rios do cons\u00f3rcio TE-AG, formado pelas empresas Techint e Andrade Gutierrez, foram dispensados. No pico das obras do Comperj, o complexo demandou cerca de 20 mil trabalhadores.<\/p>\n<p>As demiss\u00f5es se somaram \u00e0 dispensa ocorrida no in\u00edcio de janeiro de 236 pessoas pelo cons\u00f3rcio CPPR, formado por Odebrecht, Mendes Junior e UTC, todas as tr\u00eas investigadas na opera\u00e7\u00e3o Lava Jato e que s\u00e3o respons\u00e1veis pelas obras civis da unidade da Petrobras.<\/p>\n<p>Fonte: Folha<\/p>\n","protected":false},"excerpt":{"rendered":"<p>Pelo quarto dia consecutivo, oper\u00e1rios do Comperj (Complexo Petroqu\u00edmico do Rio), refinaria da Petrobras em constru\u00e7\u00e3o em Itabora\u00ed, regi\u00e3o metropolitana do Rio, bloquearam os acessos&#8230;<\/p>\n","protected":false},"author":1182,"featured_media":3719,"comment_status":"closed","ping_status":"closed","sticky":false,"template":"","format":"standard","meta":{"footnotes":""},"categories":[6],"tags":[],"class_list":["post-10144","post","type-post","status-publish","format-standard","has-post-thumbnail","hentry","category-noticias"],"_links":{"self":[{"href":"https:\/\/www.sincomam.org.br\/index.php\/wp-json\/wp\/v2\/posts\/10144","targetHints":{"allow":["GET"]}}],"collection":[{"href":"https:\/\/www.sincomam.org.br\/index.php\/wp-json\/wp\/v2\/posts"}],"about":[{"href":"https:\/\/www.sincomam.org.br\/index.php\/wp-json\/wp\/v2\/types\/post"}],"author":[{"embeddable":true,"href":"https:\/\/www.sincomam.org.br\/index.php\/wp-json\/wp\/v2\/users\/1182"}],"replies":[{"embeddable":true,"href":"https:\/\/www.sincomam.org.br\/index.php\/wp-json\/wp\/v2\/comments?post=10144"}],"version-history":[{"count":1,"href":"https:\/\/www.sincomam.org.br\/index.php\/wp-json\/wp\/v2\/posts\/10144\/revisions"}],"predecessor-version":[{"id":10145,"href":"https:\/\/www.sincomam.org.br\/index.php\/wp-json\/wp\/v2\/posts\/10144\/revisions\/10145"}],"wp:featuredmedia":[{"embeddable":true,"href":"https:\/\/www.sincomam.org.br\/index.php\/wp-json\/wp\/v2\/media\/3719"}],"wp:attachment":[{"href":"https:\/\/www.sincomam.org.br\/index.php\/wp-json\/wp\/v2\/media?parent=10144"}],"wp:term":[{"taxonomy":"category","embeddable":true,"href":"https:\/\/www.sincomam.org.br\/index.php\/wp-json\/wp\/v2\/categories?post=10144"},{"taxonomy":"post_tag","embeddable":true,"href":"https:\/\/www.sincomam.org.br\/index.php\/wp-json\/wp\/v2\/tags?post=10144"}],"curies":[{"name":"wp","href":"https:\/\/api.w.org\/{rel}","templated":true}]}}