{"id":10135,"date":"2015-01-16T09:25:32","date_gmt":"2015-01-16T11:25:32","guid":{"rendered":"http:\/\/www.sincomam.org.br\/?p=10135"},"modified":"2015-01-16T09:25:32","modified_gmt":"2015-01-16T11:25:32","slug":"ministro-de-minas-e-energia-garante-graca-foster-a-frente-da-petrobras","status":"publish","type":"post","link":"https:\/\/www.sincomam.org.br\/index.php\/ministro-de-minas-e-energia-garante-graca-foster-a-frente-da-petrobras\/","title":{"rendered":"Ministro de Minas e Energia garante Gra\u00e7a Foster \u00e0 frente da Petrobras"},"content":{"rendered":"<p><strong><em>Ela vai comandar processo para p\u00f4r fim \u00e0 corrup\u00e7\u00e3o, diz Eduardo Braga. Entrevista foi dada \u00e0 jornalista Miriam Leit\u00e3o<\/em><\/strong><\/p>\n<p>O ministro de Minas e Energia, Eduardo Braga, garantiu que a presidente da Petrobras, Gra\u00e7a Foster, vai continuar no comando da empresa. Em entrevista \u00e0 jornalista Miriam Leit\u00e3o, ele disse que ela vai comandar o processo para acabar com a corrup\u00e7\u00e3o na estatal.<\/p>\n<p><strong>Miriam Leit\u00e3o:<\/strong> Restabelecer a credibilidade do acionista, seja ele de que tamanho for, na Petrobras, sem trocar a diretoria?<\/p>\n<p><strong>Eduardo Braga:<\/strong> Eu acho que sim. At\u00e9 porque, veja bem&#8230; O que eu li do Minist\u00e9rio P\u00fablico hoje, ele dizendo o seguinte: o Minist\u00e9rio P\u00fablico n\u00e3o pode garantir que a corrup\u00e7\u00e3o acabou. Ele n\u00e3o disse que h\u00e1 corrup\u00e7\u00e3o.<\/p>\n<p><strong>Miriam Leit\u00e3o:<\/strong> N\u00e3o foi estancada.<\/p>\n<p><strong>Eduardo Braga:<\/strong> Ele diz que h\u00e1 corrup\u00e7\u00e3o. Ele diz que n\u00e3o pode garantir que a corrup\u00e7\u00e3o acabou dentro da Petrobras. Mas o que n\u00f3s podemos garantir \u00e9 que a governan\u00e7a dentro da Petobras e a gest\u00e3o dentro da Petrobras est\u00e3o avan\u00e7ando firmemente.<\/p>\n<p><strong>Miriam Leit\u00e3o:<\/strong> Uma administra\u00e7\u00e3o ou permitiu ou participou do que est\u00e1 acontecendo.<\/p>\n<p><strong>Eduardo Braga:<\/strong> N\u00e3o h\u00e1 nenhuma prova que possa sequer insinuar qualquer tipo de envolvimento da doutora Gra\u00e7a com os mal feitos que aconteceram.<\/p>\n<p><strong>Miriam Leit\u00e3o:<\/strong> Ent\u00e3o \u00e9 sob o comando dela que vai ser feita a limpeza da Petrobras?<\/p>\n<p><strong>Eduardo Braga:<\/strong> Eu creio que ela \u00e9 a pessoa adequada, porque \u00e9 competente, conhece o sistema Petrobras como poucos. Com uma diretoria cada vez mais t\u00e9cnica e com uma gest\u00e3o e uma governan\u00e7a cada vez mais transparentes que a Petrobras ganhar\u00e1 credibilidade.<\/p>\n<p><strong>Miriam Leit\u00e3o:<\/strong> N\u00e3o haver\u00e1 mais indica\u00e7\u00f5es pol\u00edticas na Petrobras?<\/p>\n<p><strong>Eduardo Braga:<\/strong> N\u00e3o tenho d\u00favida. Posso garantir a voc\u00ea que, se alguma coisa positiva aconteceu com isto que n\u00f3s estamos vendo, \u00e9 que a Petrobras ficou blindada com rela\u00e7\u00e3o \u00e0 indica\u00e7\u00e3o pol\u00edtica.<\/p>\n<p>A \u00edntegra da entrevista foi ao ar nesta quinta-feira (15), \u00e0s 21h30, no programa GloboNews, de Miriam Leit\u00e3o.<\/p>\n<p>Fonte: Globo.com<\/p>\n","protected":false},"excerpt":{"rendered":"<p>Ela vai comandar processo para p\u00f4r fim \u00e0 corrup\u00e7\u00e3o, diz Eduardo Braga. Entrevista foi dada \u00e0 jornalista Miriam Leit\u00e3o O ministro de Minas e Energia,&#8230;<\/p>\n","protected":false},"author":1182,"featured_media":4198,"comment_status":"closed","ping_status":"closed","sticky":false,"template":"","format":"standard","meta":{"footnotes":""},"categories":[6],"tags":[181,384,417,1571,58,314],"class_list":["post-10135","post","type-post","status-publish","format-standard","has-post-thumbnail","hentry","category-noticias","tag-dilma","tag-graca-foster","tag-ministro","tag-permanencia","tag-petrobras","tag-presidente"],"_links":{"self":[{"href":"https:\/\/www.sincomam.org.br\/index.php\/wp-json\/wp\/v2\/posts\/10135","targetHints":{"allow":["GET"]}}],"collection":[{"href":"https:\/\/www.sincomam.org.br\/index.php\/wp-json\/wp\/v2\/posts"}],"about":[{"href":"https:\/\/www.sincomam.org.br\/index.php\/wp-json\/wp\/v2\/types\/post"}],"author":[{"embeddable":true,"href":"https:\/\/www.sincomam.org.br\/index.php\/wp-json\/wp\/v2\/users\/1182"}],"replies":[{"embeddable":true,"href":"https:\/\/www.sincomam.org.br\/index.php\/wp-json\/wp\/v2\/comments?post=10135"}],"version-history":[{"count":1,"href":"https:\/\/www.sincomam.org.br\/index.php\/wp-json\/wp\/v2\/posts\/10135\/revisions"}],"predecessor-version":[{"id":10136,"href":"https:\/\/www.sincomam.org.br\/index.php\/wp-json\/wp\/v2\/posts\/10135\/revisions\/10136"}],"wp:featuredmedia":[{"embeddable":true,"href":"https:\/\/www.sincomam.org.br\/index.php\/wp-json\/wp\/v2\/media\/4198"}],"wp:attachment":[{"href":"https:\/\/www.sincomam.org.br\/index.php\/wp-json\/wp\/v2\/media?parent=10135"}],"wp:term":[{"taxonomy":"category","embeddable":true,"href":"https:\/\/www.sincomam.org.br\/index.php\/wp-json\/wp\/v2\/categories?post=10135"},{"taxonomy":"post_tag","embeddable":true,"href":"https:\/\/www.sincomam.org.br\/index.php\/wp-json\/wp\/v2\/tags?post=10135"}],"curies":[{"name":"wp","href":"https:\/\/api.w.org\/{rel}","templated":true}]}}