{"id":10102,"date":"2015-01-15T09:41:09","date_gmt":"2015-01-15T11:41:09","guid":{"rendered":"http:\/\/www.sincomam.org.br\/?p=10102"},"modified":"2015-01-16T08:45:52","modified_gmt":"2015-01-16T10:45:52","slug":"inaugurados-armazens-do-porto-no-bairro-do-recife","status":"publish","type":"post","link":"https:\/\/www.sincomam.org.br\/index.php\/inaugurados-armazens-do-porto-no-bairro-do-recife\/","title":{"rendered":"Inaugurados Armaz\u00e9ns do porto, no bairro do Recife"},"content":{"rendered":"<p>Os Armaz\u00e9ns do Porto, no Bairro do Recife, foram inaugurados oficialmente, na noite de ontem, quarta-feira (14). O empreendimento faz parte do Complexo Tur\u00edstico Portu\u00e1rio Governador Eduardo Campos, que vai revitalizar os armaz\u00e9ns 9, 12, 13, 14, 15, 16, 17 e o antigo pr\u00e9dio da Conab. O investimento total da iniciativa \u00e9 de R$ 250 milh\u00f5es.<\/p>\n<p>Os Armaz\u00e9ns do Porto s\u00e3o o primeiro shopping de gastronomia do estado com nove lojas em funcionamento atualmente. A previs\u00e3o \u00e9 de que mais seis casas sejam instaladas no local, que recebeu um investimento de R$ 58 milh\u00f5es. Os nove restaurantes est\u00e3o em funcionamento desde outubro passado.<\/p>\n<p>A cerim\u00f4nia de inaugura\u00e7\u00e3o contou com a presen\u00e7a do prefeito do Recife, Geraldo Julio (PSB), e do governador de Pernambuco, Paulo C\u00e2mara (PSB). Geraldo Julio afirmou que \u201co espa\u00e7o \u00e9 para o povo, para as pessoas que querem visitar um lugar bonito\u201d. J\u00e1 o governador ressaltou: \u201cobras como essa mostram a import\u00e2ncia de parcerias com o setor privado, estado, munic\u00edpio e Uni\u00e3o.<\/p>\n<p>Temos que incentivar empreendimentos como este, que transformam a cidade\u201d. Para a segunda fase de revitaliza\u00e7\u00e3o dos armaz\u00e9ns, o Complexo Tur\u00edstico prev\u00ea a constru\u00e7\u00e3o de um hotel quatro estrelas, um centro de conven\u00e7\u00f5es e uma marina. Somente durante as obras, o empreendimento garante 1.620 empregos diretos.<\/p>\n<p>Fonte: Di\u00e1rio de Pernambuco<\/p>\n","protected":false},"excerpt":{"rendered":"<p>Os Armaz\u00e9ns do Porto, no Bairro do Recife, foram inaugurados oficialmente, na noite de ontem, quarta-feira (14). O empreendimento faz parte do Complexo Tur\u00edstico Portu\u00e1rio&#8230;<\/p>\n","protected":false},"author":1182,"featured_media":10103,"comment_status":"closed","ping_status":"closed","sticky":false,"template":"","format":"standard","meta":{"footnotes":""},"categories":[6],"tags":[],"class_list":["post-10102","post","type-post","status-publish","format-standard","has-post-thumbnail","hentry","category-noticias"],"_links":{"self":[{"href":"https:\/\/www.sincomam.org.br\/index.php\/wp-json\/wp\/v2\/posts\/10102","targetHints":{"allow":["GET"]}}],"collection":[{"href":"https:\/\/www.sincomam.org.br\/index.php\/wp-json\/wp\/v2\/posts"}],"about":[{"href":"https:\/\/www.sincomam.org.br\/index.php\/wp-json\/wp\/v2\/types\/post"}],"author":[{"embeddable":true,"href":"https:\/\/www.sincomam.org.br\/index.php\/wp-json\/wp\/v2\/users\/1182"}],"replies":[{"embeddable":true,"href":"https:\/\/www.sincomam.org.br\/index.php\/wp-json\/wp\/v2\/comments?post=10102"}],"version-history":[{"count":2,"href":"https:\/\/www.sincomam.org.br\/index.php\/wp-json\/wp\/v2\/posts\/10102\/revisions"}],"predecessor-version":[{"id":10115,"href":"https:\/\/www.sincomam.org.br\/index.php\/wp-json\/wp\/v2\/posts\/10102\/revisions\/10115"}],"wp:featuredmedia":[{"embeddable":true,"href":"https:\/\/www.sincomam.org.br\/index.php\/wp-json\/wp\/v2\/media\/10103"}],"wp:attachment":[{"href":"https:\/\/www.sincomam.org.br\/index.php\/wp-json\/wp\/v2\/media?parent=10102"}],"wp:term":[{"taxonomy":"category","embeddable":true,"href":"https:\/\/www.sincomam.org.br\/index.php\/wp-json\/wp\/v2\/categories?post=10102"},{"taxonomy":"post_tag","embeddable":true,"href":"https:\/\/www.sincomam.org.br\/index.php\/wp-json\/wp\/v2\/tags?post=10102"}],"curies":[{"name":"wp","href":"https:\/\/api.w.org\/{rel}","templated":true}]}}