{"id":10092,"date":"2015-01-15T09:24:01","date_gmt":"2015-01-15T11:24:01","guid":{"rendered":"http:\/\/www.sincomam.org.br\/?p=10092"},"modified":"2015-01-15T09:24:01","modified_gmt":"2015-01-15T11:24:01","slug":"despoluicao-da-baia-de-guanabara-e-prioridade-na-agenda-ambiental-do-pais","status":"publish","type":"post","link":"https:\/\/www.sincomam.org.br\/index.php\/despoluicao-da-baia-de-guanabara-e-prioridade-na-agenda-ambiental-do-pais\/","title":{"rendered":"Despolui\u00e7\u00e3o da Ba\u00eda de Guanabara \u00e9 prioridade na agenda ambiental do pa\u00eds"},"content":{"rendered":"<p>A despolui\u00e7\u00e3o da Ba\u00eda de Guanabara \u00e9 um trabalho estrat\u00e9gico na agenda ambiental do Brasil, disse hoje (14), no Rio de Janeiro, a ministra do Meio Ambiente, Izabella Teixeira. Ela ressaltou, entretanto, que a despolui\u00e7\u00e3o ambiental da ba\u00eda n\u00e3o ocorrer\u00e1 \u201cda noite para o dia\u201d.<\/p>\n<p>A ba\u00eda vem sofrendo impactos bastante expressivos, disse ela, particularmente nos \u00faltimos 80\/100 anos, com o &#8220;adensamento da popula\u00e7\u00e3o, o processo de industrializa\u00e7\u00e3o e a ocupa\u00e7\u00e3o da chamada bacia contribuinte da Ba\u00eda de Guanabara\u201d.\u00a0 Por isso, disse que \u00e9 preciso ter uma vis\u00e3o estrat\u00e9gica\u00a0 de recupera\u00e7\u00e3o, que tem de ser pactuada com a sociedade &#8211; como tem ocorrido em todo o mundo -, acompanhada por processos de fiscaliza\u00e7\u00e3o e monitoramento.<\/p>\n<p>\u201cN\u00f3s, do Minist\u00e9rio do Meio Ambiente, temos defendido uma discuss\u00e3o mais ampliada sobre a recupera\u00e7\u00e3o dos grandes passivos ambientais em rela\u00e7\u00e3o \u00e0 polui\u00e7\u00e3o\u201d. A ministra acredita que sob a gest\u00e3o do secret\u00e1rio estadual do Ambiente, Andr\u00e9 Corr\u00eaa, o tema ter\u00e1 prioridade dentro de um trabalho que deve ser feito em parceria com\u00a0 a popula\u00e7\u00e3o.<\/p>\n<p>A ministra salientou que a consequ\u00eancia da rela\u00e7\u00e3o \u00edntima da qualidade de vida no estado com o meio ambiente \u00e9 a integra\u00e7\u00e3o das v\u00e1rias camadas da sociedade com um ambiente \u201cque tem que ser limpo. Qualidade de vida \u00e9 tamb\u00e9m qualidade ambiental\u201d. Ela afian\u00e7ou que o minist\u00e9rio vai trabalhar de maneira articulada com os governos fluminense e do munic\u00edpio do Rio de Janeiro para avan\u00e7ar nessa pauta.<\/p>\n<p>Segundo ela, a despolui\u00e7\u00e3o da ba\u00eda passa pela resolu\u00e7\u00e3o do problema de saneamento b\u00e1sico, melhorando tamb\u00e9m a rela\u00e7\u00e3o dos munic\u00edpios situados no entorno da ba\u00eda. O fato de os Jogos Ol\u00edmpicos ocorrerem na capital fluminense, em 2016, \u00e9 uma motiva\u00e7\u00e3o estrat\u00e9gica, de natureza pol\u00edtica, para que o pa\u00eds \u201cassuma uma postura de limpar a Ba\u00eda de Guanabara, pactuando com a sociedade como isso vai acontecer\u201d.<\/p>\n<p>Izabella acredita que \u00e9 fact\u00edvel cumprir a meta do governo do estado, de entregar 80% da Ba\u00eda de Guanabara despolu\u00edda at\u00e9 as Olimp\u00edadas. \u201cDo ponto de\u00a0 vista do espelho d&#8217;\u00e1gua, tem solu\u00e7\u00f5es para isso. Agora, limpar a ba\u00eda toda, como foi feito no [Rio] T\u00e2misa, na Inglaterra, ou mesmo no Lago Parano\u00e1, em Bras\u00edlia, que tem tratamento terci\u00e1rio de esgoto, leva tempo. N\u00f3s temos que considerar tudo que foi feito e discutir o que significa essa limpeza efetiva nos pr\u00f3ximos anos\u201d. A ministra insistiu que as\u00a0 Olimp\u00edadas devem ser aproveitadas para consolidar um modelo em que a sociedade estar\u00e1 engajada no debate, monitorando os resultados obtidos.<\/p>\n<p>Fonte: Ag\u00eancia Brasil<\/p>\n","protected":false},"excerpt":{"rendered":"<p>A despolui\u00e7\u00e3o da Ba\u00eda de Guanabara \u00e9 um trabalho estrat\u00e9gico na agenda ambiental do Brasil, disse hoje (14), no Rio de Janeiro, a ministra do&#8230;<\/p>\n","protected":false},"author":1182,"featured_media":5168,"comment_status":"closed","ping_status":"closed","sticky":false,"template":"","format":"standard","meta":{"footnotes":""},"categories":[6],"tags":[],"class_list":["post-10092","post","type-post","status-publish","format-standard","has-post-thumbnail","hentry","category-noticias"],"_links":{"self":[{"href":"https:\/\/www.sincomam.org.br\/index.php\/wp-json\/wp\/v2\/posts\/10092","targetHints":{"allow":["GET"]}}],"collection":[{"href":"https:\/\/www.sincomam.org.br\/index.php\/wp-json\/wp\/v2\/posts"}],"about":[{"href":"https:\/\/www.sincomam.org.br\/index.php\/wp-json\/wp\/v2\/types\/post"}],"author":[{"embeddable":true,"href":"https:\/\/www.sincomam.org.br\/index.php\/wp-json\/wp\/v2\/users\/1182"}],"replies":[{"embeddable":true,"href":"https:\/\/www.sincomam.org.br\/index.php\/wp-json\/wp\/v2\/comments?post=10092"}],"version-history":[{"count":1,"href":"https:\/\/www.sincomam.org.br\/index.php\/wp-json\/wp\/v2\/posts\/10092\/revisions"}],"predecessor-version":[{"id":10093,"href":"https:\/\/www.sincomam.org.br\/index.php\/wp-json\/wp\/v2\/posts\/10092\/revisions\/10093"}],"wp:featuredmedia":[{"embeddable":true,"href":"https:\/\/www.sincomam.org.br\/index.php\/wp-json\/wp\/v2\/media\/5168"}],"wp:attachment":[{"href":"https:\/\/www.sincomam.org.br\/index.php\/wp-json\/wp\/v2\/media?parent=10092"}],"wp:term":[{"taxonomy":"category","embeddable":true,"href":"https:\/\/www.sincomam.org.br\/index.php\/wp-json\/wp\/v2\/categories?post=10092"},{"taxonomy":"post_tag","embeddable":true,"href":"https:\/\/www.sincomam.org.br\/index.php\/wp-json\/wp\/v2\/tags?post=10092"}],"curies":[{"name":"wp","href":"https:\/\/api.w.org\/{rel}","templated":true}]}}