{"id":10086,"date":"2015-01-14T09:45:49","date_gmt":"2015-01-14T11:45:49","guid":{"rendered":"http:\/\/www.sincomam.org.br\/?p=10086"},"modified":"2015-01-14T09:45:49","modified_gmt":"2015-01-14T11:45:49","slug":"obras-do-novo-terminal-de-passageiros-em-salvador-estao-em-fase-final","status":"publish","type":"post","link":"https:\/\/www.sincomam.org.br\/index.php\/obras-do-novo-terminal-de-passageiros-em-salvador-estao-em-fase-final\/","title":{"rendered":"Obras do novo terminal de passageiros em Salvador est\u00e3o em fase final"},"content":{"rendered":"<p>O secret\u00e1rio estadual da Casa Civil, Bruno Dauster, visitou, na manh\u00e3 da \u00faltima quinta feira(8), o novo Terminal de Passageiros do Porto de Salvador. O objetivo \u00e9 vistoriar e avaliar os \u00faltimos detalhes da fase final das obras.<\/p>\n<p>A previs\u00e3o \u00e9 de que, em breve, o equipamento esteja apto para entrar em pleno funcionamento. O pr\u00f3ximo passo \u00e9 a realiza\u00e7\u00e3o de licita\u00e7\u00e3o para concess\u00e3o da administra\u00e7\u00e3o do terminal.<\/p>\n<p>O novo terminal \u00e9 resultado de um investimento de R$ 40 milh\u00f5es, com recursos do governo federal. O andar t\u00e9rreo do empreendimento j\u00e1 est\u00e1 funcionando desde junho de 2014, recebendo turistas de diversas partes do Brasil e de outros pa\u00edses. Tamb\u00e9m participaram da visita o diretor presidente da Companhia das Docas do Estado da Bahia \u2013 Codeba, Jos\u00e9 Muniz Rebou\u00e7as, e o coordenador executivo de Infraestrutura e Log\u00edstica da Casa Civil, Eracy Lafuente.<\/p>\n<p>Para Dauster, este \u00e9 um equipamento de alta qualidade e que tem potencial para atrair n\u00e3o s\u00f3 turistas, mas o pr\u00f3prio p\u00fablico soteropolitano. \u201cO novo terminal \u00e9 mais um impulso para o desenvolvimento do turismo em Salvador, contribuindo com a revitaliza\u00e7\u00e3o do Com\u00e9rcio, regi\u00e3o hist\u00f3rica, e valorizando a bela paisagem da Ba\u00eda de Todos-os- Santos. Al\u00e9m de instrumento de tr\u00e2nsito de pessoas que chegam e deixam a capital, o terminal pode servir como um novo ponto tur\u00edstico para a cidade, com restaurantes e \u00e1reas de lazer dispon\u00edveis tamb\u00e9m para a popula\u00e7\u00e3o local\u201d, disse.<\/p>\n<p>O projeto executivo do novo Terminal de Passageiros do Porto de Salvador foi elaborado pelo do Governo do Estado e a execu\u00e7\u00e3o das obras foi coordenada pela Codeba.<\/p>\n<p>Fonte: Tribuna da Bahia(BA)<\/p>\n","protected":false},"excerpt":{"rendered":"<p>O secret\u00e1rio estadual da Casa Civil, Bruno Dauster, visitou, na manh\u00e3 da \u00faltima quinta feira(8), o novo Terminal de Passageiros do Porto de Salvador. O&#8230;<\/p>\n","protected":false},"author":1182,"featured_media":5429,"comment_status":"closed","ping_status":"closed","sticky":false,"template":"","format":"standard","meta":{"footnotes":""},"categories":[6],"tags":[],"class_list":["post-10086","post","type-post","status-publish","format-standard","has-post-thumbnail","hentry","category-noticias"],"_links":{"self":[{"href":"https:\/\/www.sincomam.org.br\/index.php\/wp-json\/wp\/v2\/posts\/10086","targetHints":{"allow":["GET"]}}],"collection":[{"href":"https:\/\/www.sincomam.org.br\/index.php\/wp-json\/wp\/v2\/posts"}],"about":[{"href":"https:\/\/www.sincomam.org.br\/index.php\/wp-json\/wp\/v2\/types\/post"}],"author":[{"embeddable":true,"href":"https:\/\/www.sincomam.org.br\/index.php\/wp-json\/wp\/v2\/users\/1182"}],"replies":[{"embeddable":true,"href":"https:\/\/www.sincomam.org.br\/index.php\/wp-json\/wp\/v2\/comments?post=10086"}],"version-history":[{"count":1,"href":"https:\/\/www.sincomam.org.br\/index.php\/wp-json\/wp\/v2\/posts\/10086\/revisions"}],"predecessor-version":[{"id":10087,"href":"https:\/\/www.sincomam.org.br\/index.php\/wp-json\/wp\/v2\/posts\/10086\/revisions\/10087"}],"wp:featuredmedia":[{"embeddable":true,"href":"https:\/\/www.sincomam.org.br\/index.php\/wp-json\/wp\/v2\/media\/5429"}],"wp:attachment":[{"href":"https:\/\/www.sincomam.org.br\/index.php\/wp-json\/wp\/v2\/media?parent=10086"}],"wp:term":[{"taxonomy":"category","embeddable":true,"href":"https:\/\/www.sincomam.org.br\/index.php\/wp-json\/wp\/v2\/categories?post=10086"},{"taxonomy":"post_tag","embeddable":true,"href":"https:\/\/www.sincomam.org.br\/index.php\/wp-json\/wp\/v2\/tags?post=10086"}],"curies":[{"name":"wp","href":"https:\/\/api.w.org\/{rel}","templated":true}]}}