{"id":10081,"date":"2015-01-14T09:31:22","date_gmt":"2015-01-14T11:31:22","guid":{"rendered":"http:\/\/www.sincomam.org.br\/?p=10081"},"modified":"2015-01-14T09:33:01","modified_gmt":"2015-01-14T11:33:01","slug":"operacao-lava-jato-nestor-cervero-e-preso-pela-pf-no-aeroporto-tom-jobim","status":"publish","type":"post","link":"https:\/\/www.sincomam.org.br\/index.php\/operacao-lava-jato-nestor-cervero-e-preso-pela-pf-no-aeroporto-tom-jobim\/","title":{"rendered":"Opera\u00e7\u00e3o Lava Jato: Nestor Cerver\u00f3 \u00e9 preso pela Pol\u00edcia Federal no aeroporto do Rio"},"content":{"rendered":"<p><strong><em>Ex-diretor da \u00e1rea Internacional da Petrobras \u00e9 acusado de crimes como corrup\u00e7\u00e3o e lavagem de dinheiro<\/p>\n<p><\/em><\/strong>A Pol\u00edcia Federal prendeu, por volta da 0h30 desta quarta-feira (14), o ex-diretor da \u00e1rea Internacional da Petrobras Nestor Cerver\u00f3. Ele foi detido ao desembarcar no Aeroporto Internacional Tom Jobim (Gale\u00e3o), no Rio de Janeiro, acusado de envolvimento nos crimes investigados na Opera\u00e7\u00e3o Lava Jato. Por meio de nota, o Minist\u00e9rio P\u00fablico Federal informou que foi cumprido um mandado de pris\u00e3o preventiva, j\u00e1 que &#8220;h\u00e1 ind\u00edcios de que o ex-diretor continua a praticar crimes e se ocultar\u00e1 da Justi\u00e7a&#8221;. A defesa nega as acusa\u00e7\u00f5es e diz que re\u00fane documentos para entrar com pedido de habeas corpus assim que tiver acesso \u00e0 decis\u00e3o.<strong><em><br \/><\/em><\/strong><\/p>\n<p>A nota do MPF relata ainda que nesta ter\u00e7a-feira (13) foram cumpridos mandados de busca e apreens\u00e3o na casa de Cerver\u00f3 e de parentes, &#8220;em fun\u00e7\u00e3o de seu envolvimento em novos fatos il\u00edcitos relacionados os crimes de corrup\u00e7\u00e3o passiva e lavagem de dinheiro que foram denunciados recentemente&#8221;.<\/p>\n<p>O MPF assegura ainda ter obtido informa\u00e7\u00f5es do Conselho de Controle de Atividades Financeiras (COAF) de que logo ap\u00f3s o recebimento da den\u00fancia e durante o recesso do Judici\u00e1rio, o ex-diretor tentou transferir para sua filha R$ 500 mil &#8211; mesmo considerando que com tal opera\u00e7\u00e3o haveria uma perda de mais de 20% da aplica\u00e7\u00e3o financeira. O ex-diretor, ainda segundo o MPF, tamb\u00e9m teria transferido recentemente tr\u00eas apartamentos adquiridos com recursos de origem duvidosa, em valores menores do que eles valeriam, de R$ 7 milh\u00f5es por R$ 560 mil.<\/p>\n<p>O Minist\u00e9rio P\u00fablico Federal encerra a nota justificando que &#8220;a cust\u00f3dia cautelar \u00e9 necess\u00e1ria, tamb\u00e9m, para resguardar as ordens p\u00fablica e econ\u00f4mica, diante da dimens\u00e3o dos crimes e de sua continuidade at\u00e9 o presente momento, o que tem amparo em circunst\u00e2ncias e provas concretas do caso&#8221;.<\/p>\n<p>Cerver\u00f3, que foi detido em uma \u00e1rea interna ap\u00f3s deixar a aeronave, passou a madrugada em uma sala no aeroporto e ser\u00e1 levado para a sede da Pol\u00edcia Federal em Curitiba (PR) no in\u00edcio da manh\u00e3 desta quarta. \u00c0s 6h30 ele permanecia no Gale\u00e3o, como mostrou o Bom Dia Rio.<\/p>\n<p><strong>Defesa<\/strong><\/p>\n<p>O advogado de defesa Nestor Cerver\u00f3, Edson Ribeiro, disse \u00e0 TV Globo que as justificativas do Minist\u00e9rio P\u00fablico Federal para o pedido de pris\u00e3o preventiva n\u00e3o t\u00eam fundamento. Segundo ele, n\u00e3o havia restri\u00e7\u00e3o judicial ou administrativa para que os bens fossem transferidos \u00e0 fam\u00edlia do cliente.<\/p>\n<p>Edson explicou que a filha de Cerver\u00f3 tem problemas de sa\u00fade e que, por isso, o ex-diretor colocou seu dinheiro \u00e0 disposi\u00e7\u00e3o dela. Ele alegou ainda que nenhuma transa\u00e7\u00e3o chegou a ser conclu\u00edda. Al\u00e9m disso, segundo o advogado, o MPF se baseou apenas em dela\u00e7\u00f5es premiadas, sem requerer o inqu\u00e9rito policial, e, por isso, induziu o juiz a erro.<\/p>\n<p>O advogado refor\u00e7a que o cliente sempre se colocou a disposi\u00e7\u00e3o das autoridades para prestar esclarecimentos e, por isso, o improp\u00f3sito do pedido de pris\u00e3o preventiva. A defesa est\u00e1 reunindo documentos e segue para Curitiba para ter acesso \u00e0 decis\u00e3o, para, s\u00f3 ent\u00e3o, entrar com o pedido de habeas corpus.<\/p>\n<p>Em entrevista \u00e0 GloboNews, o advogado disse &#8216;estranhar&#8217; a decis\u00e3o da Justi\u00e7a de prender seu cliente. &#8220;Eu n\u00e3o conhe\u00e7o a fundamenta\u00e7\u00e3o da pris\u00e3o preventiva e desde j\u00e1 estranho essa pris\u00e3o, j\u00e1 que ele havia combinado com o Minist\u00e9rio P\u00fablico Federal do Rio de Janeiro que prestaria depoimento na quinta-feira e seria citado na sexta-feira&#8221;, afirmou Ribeiro.<\/p>\n<p>Ainda de acordo com o advogado, Cerver\u00f3 havia informado ao MPF-RJ e \u00e0 Justi\u00e7a Federal que faria uma viagem para Londres, inclusive fornecendo o endere\u00e7o onde ficaria localizado, e estava com depoimento marcado para esta quinta-feira no Rio de Janeiro.<\/p>\n<p><strong><em>Opera\u00e7\u00e3o Lava Jato<\/em><\/strong><\/p>\n<p>Cerver\u00f3 \u00e9 acusado de participa\u00e7\u00e3o em crimes como corrup\u00e7\u00e3o contra o sistema financeiro nacional e lavagem de capital entre 2006 e 2012, conforme a den\u00fancia aceita em 17 de dezembro pelo juiz federal S\u00e9rgio Moro, respons\u00e1vel pelas investiga\u00e7\u00f5es da Lava Jato na primeira inst\u00e2ncia.<\/p>\n<p>Foi a \u00faltima den\u00fancia oferecida pelo Minist\u00e9rio P\u00fablico Federal (MPF) na s\u00e9tima fase da opera\u00e7\u00e3o. Al\u00e9m de Cerver\u00f3, passaram a ser r\u00e9us no processo: Fernando Soares, lobista conhecido como Fernando Baiano, apontado como um dos operadores do esquema de corrup\u00e7\u00e3o na estatal; e J\u00falio Camargo, executivo da Toyo Setal. Al\u00e9m deles, a Justi\u00e7a tamb\u00e9m aceitou a den\u00fancia contra o doleiro Alberto Youssef, que j\u00e1 virou r\u00e9u em outras a\u00e7\u00f5es.<\/p>\n<p>De acordo com o MPF, Fernando Baiano e Nestor Cerver\u00f3 s\u00e3o suspeitos de receber US$ 40 milh\u00f5es de propina nos anos de 2006 e 2007 para intermediar a contrata\u00e7\u00e3o de navios-sonda para a perfura\u00e7\u00e3o de \u00e1guas profundas na \u00c1frica e no M\u00e9xico. Fernando Baiano era representante de Nestor Cerver\u00f3 no esquema, ainda segundo a den\u00fancia.<\/p>\n<p>Ao despachar pela aceita\u00e7\u00e3o da den\u00fancia, Moro marcou para fevereiro de 2015 a primeira audi\u00eancia.<\/p>\n<p>Na avalia\u00e7\u00e3o do juiz, o MPF reuniu um n\u00famero significativo de documentos que amparam as afirma\u00e7\u00f5es nas den\u00fancias, especialmente o envolvimento direto de Nestor Cerver\u00f3 nas contrata\u00e7\u00f5es dos navios-sonda e as dezenas de transa\u00e7\u00f5es financeiras relatadas pelo criminoso colaborador e que representariam atos de pagamento de propinas e de lavagem de dinheiro.<\/p>\n<p>Entre os documentos, h\u00e1 extratos que demonstram as transa\u00e7\u00f5es que teriam sido efetuadas para contas benefici\u00e1rias indicadas por Fernando Soares. &#8220;Foram tamb\u00e9m juntados documentos relativos aos pagamentos efetuados pelas empresas de J\u00falio Camargo no Brasil&#8221;, afirmou Moro.<\/p>\n<p>Nestor Cerver\u00f3 e Fernando Baiano respodem por corrup\u00e7\u00e3o passiva e lavagem de dinheiro. Al\u00e9m destes crimes, J\u00falio Camargo responder\u00e1 por evas\u00e3o fraudulenta de divisas e fraudes em contratos de c\u00e2mbio. Nesta a\u00e7\u00e3o, Youssef responde apenas por lavagem de dinheiro.<\/p>\n<p>Alberto Youssef e Fernando Baiano est\u00e3o presos na carceragem da Pol\u00edcia Federal (PF) na capital paranaense. Youssef foi preso no m\u00eas de mar\u00e7o, quando a primeira fase da opera\u00e7\u00e3o foi deflagrada. J\u00e1 Fernando Baiano foi preso em novembro, durante a s\u00e9tima fase da Lava Jato. Al\u00e9m deles, 11 executivos de empreiteiras continuam presos na carceragem da PF.<\/p>\n<p><strong>As den\u00fancias<\/strong><\/p>\n<p>Todas as den\u00fancias oferecidas pelo MPF contra 39 investigados na s\u00e9tima fase da Opera\u00e7\u00e3o Lava Jato foram aceitas pelo juiz. Segundo o MPF, 23 dos denunciados s\u00e3o ligados \u00e0s empreiteiras Camargo Corr\u00eaa, Engevix, Galv\u00e3o Engenharia, Mendes J\u00fanior, OAS\u00a0 e UTC.<\/p>\n<p>O Minist\u00e9rio P\u00fablico Federal dividiu os 39 denunciados em seis diferentes a\u00e7\u00f5es. Alberto Youssef, Paulo Roberto Costa e Waldomiro de Oliveira s\u00e3o citados nas cinco den\u00fancias. Elas foram divididas de acordo com a participa\u00e7\u00e3o de cada empreiteira no esquema, segundo o MPF. Enquanto Youssef e Oliveira foram apontados como operadores do dinheiro pago pelas empreiteiras, Paulo Roberto Costa era diretor de Abastecimento da Petrobras \u2013 n\u00facleo que foi alvo da primeira leva de den\u00fancias. Paulo Roberto Costa e Waldomiro de Oliveira viraram r\u00e9us em cinco processos. J\u00e1 Alberto Youssef \u00e9 r\u00e9u em todos os seis processos originados nesta s\u00e9tima fase.<\/p>\n<p><strong>Veja os nomes dos 39 r\u00e9us da s\u00e9tima fase da Opera\u00e7\u00e3o Lava Jato:<\/strong><\/p>\n<p>&#8211; Alberto Youssef, suspeito de liderar o esquema de corrup\u00e7\u00e3o<\/p>\n<p>&#8211; Paulo Roberto Costa, ex-diretor de Abastecimento da Petrobras<\/p>\n<p>&#8211; Waldomiro de Oliveira, dono da MO Consultoria<\/p>\n<p>&#8211; Fernando Soares, lobista conhecido como Fernando Baiano, apontado como um dos operadores do esquema de corrup\u00e7\u00e3o na Petrobras;<\/p>\n<p>&#8211; J\u00falio Camargo, executivo da Toyo Setal<\/p>\n<p>&#8211; Nestor Cerver\u00f3, ex-diretor da \u00e1rea Internacional da Petrobras<\/p>\n<p>&#8211; Adarico Negromonte, apontado como emiss\u00e1rio de Youssef<\/p>\n<p>&#8211; Dalton Santos Avancini, presidente da Camargo Corr\u00eaa<\/p>\n<p>&#8211; Eduardo Hermelino, vice-presidente da Camargo Corr\u00eaa<\/p>\n<p>&#8211; Jayme Alves de Oliveira Filho, acusado de atuar com Youssef na lavagem de dinheiro<\/p>\n<p>&#8211; Jo\u00e3o Ricardo Auler, presidente do Conselho de Administra\u00e7\u00e3o da Camargo Corr\u00eaa<\/p>\n<p>&#8211; Marcio Andrade Bonilho, s\u00f3cio e administrador da empresa Sanko-Sider<\/p>\n<p>&#8211; Ricardo Ribeiro Pessoa, presidente da construtora UTC<\/p>\n<p>&#8211; Carlos Alberto Pereira da Costa, representante formal da GFD Investimentos, pertencente a Alberto Youssef e r\u00e9u em outros processos ligados a Lava Jato;<\/p>\n<p>&#8211; Enivaldo Quadrado, ex-dono da corretora B\u00f4nus Banval, que atuava na \u00e1rea financeira da GFD e r\u00e9u em outros processos ligados a Lava Jato;<\/p>\n<p>&#8211; Jo\u00e3o Proc\u00f3pio de Almeida Prado, apontado como operador das contas de Youssef no exterior;<\/p>\n<p>&#8211; Sergio Cunha Mendes, vice-presidente executivo da Mendes J\u00fanior;<\/p>\n<p>&#8211; Rog\u00e9rio Cunha de Oliveira, diretor da \u00e1rea de \u00f3leo e g\u00e1s da Mendes J\u00fanior;<\/p>\n<p>&#8211; \u00c2ngelo Alves Mendes, vice-presidente da Mendes J\u00fanior;<\/p>\n<p>&#8211; Alberto El\u00edsio Vila\u00e7a Gomes, executivo da Mendes J\u00fanior;<\/p>\n<p>&#8211; Jos\u00e9 Humberto Cruvinel Resende, funcion\u00e1rio da Mendes J\u00fanior;<\/p>\n<p>&#8211; Ant\u00f4nio Carlos Fioravante Brasil Pieruccini, advogado que teria recebido propina de Alberto Youssef;<\/p>\n<p>&#8211; Mario L\u00facio de Oliveira, diretor de uma ag\u00eancia de viagens que atuava na empresa GFD, segundo dela\u00e7\u00e3o de Alberto Youssef;<\/p>\n<p>&#8211; Jo\u00e3o de Teive e Argollo, diretor de Novos Neg\u00f3cios na UTC;<\/p>\n<p>&#8211; Sandra Raphael Guimar\u00e3es, funcion\u00e1ria da UTC.<\/p>\n<p>&#8211; Gerson de Mello Almada, vice-presidente da empreiteira Engevix<\/p>\n<p>&#8211; Carlos Eduardo Strauch Albero, diretor da Engevix<\/p>\n<p>&#8211; Newton Prado J\u00fanior, diretor da Engevix<\/p>\n<p>&#8211; Luiz Roberto Pereira, ex-diretor da Engevix<\/p>\n<p>&#8211; Jo\u00e3o Alberto Lazzari, representante da OAS<\/p>\n<p>&#8211; Agenor Franklin Magalh\u00e3es Medeiros, diretor-presidente da \u00e1rea internacional da OAS<\/p>\n<p>&#8211; Fernando Augusto Stremel Andrade, funcion\u00e1rio da OAS<\/p>\n<p>&#8211; Jos\u00e9 Adelm\u00e1rio Pinheiro Filho, presidente da OAS<\/p>\n<p>&#8211; Jos\u00e9 Ricardo Nogueira Breghirolli, apontado como contato de Youssef com a OAS<\/p>\n<p>&#8211; Mateus Coutinho de S\u00e1 Oliveira, funcion\u00e1rio da OAS.<\/p>\n<p>&#8211; D\u00e1rio de Queiroz Galv\u00e3o Filho, executivo da Galv\u00e3o Engenharia<\/p>\n<p>&#8211; Eduardo Queiroz Galv\u00e3o, executivo da Galv\u00e3o Engenharia<\/p>\n<p>&#8211; Jean Alberto Luscher Castro, diretor presidente da Galv\u00e3o Engenharia<\/p>\n<p>&#8211; Erton Medeiros Fonseca, diretor de neg\u00f3cios da Galv\u00e3o Engenharia.<\/p>\n<p>Fonte: G1<\/p>\n<p><strong><em><\/em><\/strong><\/p>\n","protected":false},"excerpt":{"rendered":"<p>Ex-diretor da \u00e1rea Internacional da Petrobras \u00e9 acusado de crimes como corrup\u00e7\u00e3o e lavagem de dinheiro A Pol\u00edcia Federal prendeu, por volta da 0h30 desta&#8230;<\/p>\n","protected":false},"author":1182,"featured_media":9394,"comment_status":"closed","ping_status":"closed","sticky":false,"template":"","format":"standard","meta":{"footnotes":""},"categories":[6],"tags":[1563,318,1562,891,92,297,145,1493,1561,377,58,415,740],"class_list":["post-10081","post","type-post","status-publish","format-standard","has-post-thumbnail","hentry","category-noticias","tag-acusacao","tag-area","tag-cevero","tag-ex-diretor","tag-internacional","tag-investigacao","tag-justica","tag-lava-jato","tag-nestor","tag-operacao","tag-petrobras","tag-policia-federal","tag-prisao"],"_links":{"self":[{"href":"https:\/\/www.sincomam.org.br\/index.php\/wp-json\/wp\/v2\/posts\/10081","targetHints":{"allow":["GET"]}}],"collection":[{"href":"https:\/\/www.sincomam.org.br\/index.php\/wp-json\/wp\/v2\/posts"}],"about":[{"href":"https:\/\/www.sincomam.org.br\/index.php\/wp-json\/wp\/v2\/types\/post"}],"author":[{"embeddable":true,"href":"https:\/\/www.sincomam.org.br\/index.php\/wp-json\/wp\/v2\/users\/1182"}],"replies":[{"embeddable":true,"href":"https:\/\/www.sincomam.org.br\/index.php\/wp-json\/wp\/v2\/comments?post=10081"}],"version-history":[{"count":2,"href":"https:\/\/www.sincomam.org.br\/index.php\/wp-json\/wp\/v2\/posts\/10081\/revisions"}],"predecessor-version":[{"id":10083,"href":"https:\/\/www.sincomam.org.br\/index.php\/wp-json\/wp\/v2\/posts\/10081\/revisions\/10083"}],"wp:featuredmedia":[{"embeddable":true,"href":"https:\/\/www.sincomam.org.br\/index.php\/wp-json\/wp\/v2\/media\/9394"}],"wp:attachment":[{"href":"https:\/\/www.sincomam.org.br\/index.php\/wp-json\/wp\/v2\/media?parent=10081"}],"wp:term":[{"taxonomy":"category","embeddable":true,"href":"https:\/\/www.sincomam.org.br\/index.php\/wp-json\/wp\/v2\/categories?post=10081"},{"taxonomy":"post_tag","embeddable":true,"href":"https:\/\/www.sincomam.org.br\/index.php\/wp-json\/wp\/v2\/tags?post=10081"}],"curies":[{"name":"wp","href":"https:\/\/api.w.org\/{rel}","templated":true}]}}