{"id":10054,"date":"2015-01-13T10:36:57","date_gmt":"2015-01-13T12:36:57","guid":{"rendered":"http:\/\/www.sincomam.org.br\/?p=10054"},"modified":"2015-01-13T10:36:57","modified_gmt":"2015-01-13T12:36:57","slug":"lista-do-ministerio-do-trabalho-sobe-para-seis-centrais-reconhecidas","status":"publish","type":"post","link":"https:\/\/www.sincomam.org.br\/index.php\/lista-do-ministerio-do-trabalho-sobe-para-seis-centrais-reconhecidas\/","title":{"rendered":"Lista do Minist\u00e9rio do Trabalho sobe para seis centrais reconhecidas"},"content":{"rendered":"<p><strong><em>Al\u00e9m de CUT, For\u00e7a, UGT, CTB e Nova Central, rela\u00e7\u00e3o tem a CSB pela primeira vez<\/em><\/strong><\/p>\n<p>O n\u00famero de centrais sindicais reconhecidas formalmente pelo Minist\u00e9rio do Trabalho e Emprego (MTE) aumentou para seis, conforme despacho publicado na edi\u00e7\u00e3o de hoje (8) do Di\u00e1rio Oficial da Uni\u00e3o. Agora, al\u00e9m de CUT, For\u00e7a Sindical, UGT, CTB e Nova Central, que se mant\u00eam em todas as listas, aparece pela primeira vez a CSB, entidade criada em 2008 mas reorganizada a partir de 2012, quando Ant\u00f4nio Neto, vindo da CGTB ap\u00f3s diverg\u00eancias internas, assumiu a presid\u00eancia.<\/p>\n<p>De acordo com a rela\u00e7\u00e3o, a CUT segue em primeiro com \u00edndice de representatividade de 33,67%. Em seguida, v\u00eam a For\u00e7a, com 12,33%, e a UGT, 11,67%. Na sequ\u00eancia, est\u00e3o CTB (9,13%), Nova Central (7,84%) e CSB (7,43%). O \u00edndice m\u00ednimo \u00e9 de 7%, conforme a Lei 11.648, de 2008, que reconheceu as centrais na estrutura sindical brasileira. As demais centrais em atividade n\u00e3o t\u00eam reconhecimento oficial e, por essa raz\u00e3o, ficam sem direito a uma parcela da contribui\u00e7\u00e3o sindical.<\/p>\n<p>Entre os v\u00e1rios requisitos da lei, est\u00e1 a filia\u00e7\u00e3o de no m\u00ednimo 100 sindicatos nas cinco regi\u00f5es e de pelo menos 20 em tr\u00eas regi\u00f5es, al\u00e9m de entidades filiadas em cinco setores de atividade econ\u00f4mica. Os filiados devem representar ao menos 7% do total de trabalhadores sindicalizados no pa\u00eds.<\/p>\n<p>De acordo com o \u00faltimo dado dispon\u00edvel no site do MTE, de 10.705 sindicatos com cadastro ativo, 7.882 (74%) eram filiados a alguma central.<\/p>\n<p>Segundo a Pesquisa Nacional por Amostra de Domic\u00edlios (Pnad), do IBGE, em 2013 havia 6,3 milh\u00f5es de trabalhadores sindicalizados, 15,5% do total.<\/p>\n<p>Fonte: Rede Brasil Atual \/ Foto:Arquivo SINCOMAM<\/p>\n","protected":false},"excerpt":{"rendered":"<p>Al\u00e9m de CUT, For\u00e7a, UGT, CTB e Nova Central, rela\u00e7\u00e3o tem a CSB pela primeira vez O n\u00famero de centrais sindicais reconhecidas formalmente pelo Minist\u00e9rio&#8230;<\/p>\n","protected":false},"author":1182,"featured_media":10055,"comment_status":"closed","ping_status":"closed","sticky":false,"template":"","format":"standard","meta":{"footnotes":""},"categories":[6],"tags":[],"class_list":["post-10054","post","type-post","status-publish","format-standard","has-post-thumbnail","hentry","category-noticias"],"_links":{"self":[{"href":"https:\/\/www.sincomam.org.br\/index.php\/wp-json\/wp\/v2\/posts\/10054","targetHints":{"allow":["GET"]}}],"collection":[{"href":"https:\/\/www.sincomam.org.br\/index.php\/wp-json\/wp\/v2\/posts"}],"about":[{"href":"https:\/\/www.sincomam.org.br\/index.php\/wp-json\/wp\/v2\/types\/post"}],"author":[{"embeddable":true,"href":"https:\/\/www.sincomam.org.br\/index.php\/wp-json\/wp\/v2\/users\/1182"}],"replies":[{"embeddable":true,"href":"https:\/\/www.sincomam.org.br\/index.php\/wp-json\/wp\/v2\/comments?post=10054"}],"version-history":[{"count":1,"href":"https:\/\/www.sincomam.org.br\/index.php\/wp-json\/wp\/v2\/posts\/10054\/revisions"}],"predecessor-version":[{"id":10056,"href":"https:\/\/www.sincomam.org.br\/index.php\/wp-json\/wp\/v2\/posts\/10054\/revisions\/10056"}],"wp:featuredmedia":[{"embeddable":true,"href":"https:\/\/www.sincomam.org.br\/index.php\/wp-json\/wp\/v2\/media\/10055"}],"wp:attachment":[{"href":"https:\/\/www.sincomam.org.br\/index.php\/wp-json\/wp\/v2\/media?parent=10054"}],"wp:term":[{"taxonomy":"category","embeddable":true,"href":"https:\/\/www.sincomam.org.br\/index.php\/wp-json\/wp\/v2\/categories?post=10054"},{"taxonomy":"post_tag","embeddable":true,"href":"https:\/\/www.sincomam.org.br\/index.php\/wp-json\/wp\/v2\/tags?post=10054"}],"curies":[{"name":"wp","href":"https:\/\/api.w.org\/{rel}","templated":true}]}}