{"id":10052,"date":"2015-01-13T10:26:25","date_gmt":"2015-01-13T12:26:25","guid":{"rendered":"http:\/\/www.sincomam.org.br\/?p=10052"},"modified":"2015-01-13T10:26:25","modified_gmt":"2015-01-13T12:26:25","slug":"maersk-e-msc-inauguram-2m-com-carregamento-em-dalian","status":"publish","type":"post","link":"https:\/\/www.sincomam.org.br\/index.php\/maersk-e-msc-inauguram-2m-com-carregamento-em-dalian\/","title":{"rendered":"Maersk e MSC inauguram 2M com carregamento em Dalian"},"content":{"rendered":"<p><strong><em>As companhias revelam ainda planos de formar uma equipe em julho abrangendo as rotas da \u201c\u00c1sia-Europa e Trans-Pac\u00edficas\u201d<\/em><\/strong><\/p>\n<p>A Maersk apresentou o mais novo cargueiro Triple-E que zarpou de Dalian como o primeiro navio da alian\u00e7a 2M com a MSC. Com 18.270 TEU, o navio Munkebo Maersk, vai se juntar ao la\u00e7o AE5 da Maersk em sua viagem inaugural. A partir de Dalian, o navio seguir\u00e1 para Busan, Qingdao, Ningbo, Xiamen, e Tanjung Pelepas antes de transitar pelo Canal de Suez em 7 de fevereiro para depois seguir para a Europa. Com a chegada dele, sobram apenas mais seis da ordem original de 20 a serem entregues.<\/p>\n<p>No entanto, a Maersk Line ainda espera adquirir mais quatro navios de capacidade semelhante, assim que retornar as atividades de constru\u00e7\u00e3o de novos navios este ano.<\/p>\n<p>Outro navio pr\u00f3ximo a entrar em opera\u00e7\u00e3o \u00e9 o MSC Oscar deve entrar em opera\u00e7\u00e3o ainda esse m\u00eas e se juntar ao servi\u00e7o Albatross da companhia como parte da rede 2M. O pr\u00f3ximo navio da s\u00e9rie, o MSC Oliver, est\u00e1 previsto para entrega em mar\u00e7o.<\/p>\n<p>As companhias revelaram ainda planos de formar uma equipe em julho abrangendo as rotas da \u201c\u00c1sia-Europa e Trans-Pac\u00edficas\u201d. A alian\u00e7a VSA (Vessel Sharing Agreement) ser\u00e1 composta de 193 embarca\u00e7\u00f5es, totalizando 2,4 milh\u00f5es de TEU servindo 77 navios em 22 sequ\u00eancias de servi\u00e7o e ter\u00e1 dura\u00e7\u00e3o de 10 anos.<\/p>\n<p>A estrat\u00e9gia segue-se ao falhan\u00e7o da P3 Network, que unia as duas empresas com a CMA CGM, que, desta vez, ficou de fora.<\/p>\n<p>Fonte: Guia Mar\u00edtimo<\/p>\n","protected":false},"excerpt":{"rendered":"<p>As companhias revelam ainda planos de formar uma equipe em julho abrangendo as rotas da \u201c\u00c1sia-Europa e Trans-Pac\u00edficas\u201d A Maersk apresentou o mais novo cargueiro&#8230;<\/p>\n","protected":false},"author":1182,"featured_media":3600,"comment_status":"closed","ping_status":"closed","sticky":false,"template":"","format":"standard","meta":{"footnotes":""},"categories":[6],"tags":[],"class_list":["post-10052","post","type-post","status-publish","format-standard","has-post-thumbnail","hentry","category-noticias"],"_links":{"self":[{"href":"https:\/\/www.sincomam.org.br\/index.php\/wp-json\/wp\/v2\/posts\/10052","targetHints":{"allow":["GET"]}}],"collection":[{"href":"https:\/\/www.sincomam.org.br\/index.php\/wp-json\/wp\/v2\/posts"}],"about":[{"href":"https:\/\/www.sincomam.org.br\/index.php\/wp-json\/wp\/v2\/types\/post"}],"author":[{"embeddable":true,"href":"https:\/\/www.sincomam.org.br\/index.php\/wp-json\/wp\/v2\/users\/1182"}],"replies":[{"embeddable":true,"href":"https:\/\/www.sincomam.org.br\/index.php\/wp-json\/wp\/v2\/comments?post=10052"}],"version-history":[{"count":1,"href":"https:\/\/www.sincomam.org.br\/index.php\/wp-json\/wp\/v2\/posts\/10052\/revisions"}],"predecessor-version":[{"id":10053,"href":"https:\/\/www.sincomam.org.br\/index.php\/wp-json\/wp\/v2\/posts\/10052\/revisions\/10053"}],"wp:featuredmedia":[{"embeddable":true,"href":"https:\/\/www.sincomam.org.br\/index.php\/wp-json\/wp\/v2\/media\/3600"}],"wp:attachment":[{"href":"https:\/\/www.sincomam.org.br\/index.php\/wp-json\/wp\/v2\/media?parent=10052"}],"wp:term":[{"taxonomy":"category","embeddable":true,"href":"https:\/\/www.sincomam.org.br\/index.php\/wp-json\/wp\/v2\/categories?post=10052"},{"taxonomy":"post_tag","embeddable":true,"href":"https:\/\/www.sincomam.org.br\/index.php\/wp-json\/wp\/v2\/tags?post=10052"}],"curies":[{"name":"wp","href":"https:\/\/api.w.org\/{rel}","templated":true}]}}