{"id":10048,"date":"2015-01-13T09:18:46","date_gmt":"2015-01-13T11:18:46","guid":{"rendered":"http:\/\/www.sincomam.org.br\/?p=10048"},"modified":"2015-01-13T10:23:07","modified_gmt":"2015-01-13T12:23:07","slug":"petrobras-nao-sabe-quando-podera-pagar-participacao-nos-lucros-plr","status":"publish","type":"post","link":"https:\/\/www.sincomam.org.br\/index.php\/petrobras-nao-sabe-quando-podera-pagar-participacao-nos-lucros-plr\/","title":{"rendered":"Petrobras n\u00e3o sabe quando poder\u00e1 pagar participa\u00e7\u00e3o nos lucros (PLR)"},"content":{"rendered":"<p>A Petrobras informou nesta segunda-feira (12) que n\u00e3o h\u00e1 previs\u00e3o para o in\u00edcio das negocia\u00e7\u00f5es com os empregados sobre o pagamento da participa\u00e7\u00e3o nos lucros e resultados (PLR), referente ao ano passado. O pagamento ocorre normalmente\u00a0 at\u00e9 o dia 10 de janeiro de cada ano, informou o diretor do Sindicato dos Petroleiros do Estado do Rio de Janeiro (Sindipetro-RJ), Edison Munhoz. A entidade iniciou vig\u00edlia na sede da companhia, no centro da cidade, at\u00e9 que seja paga a PLR.<\/p>\n<p>\u201cA Petrobras reuniu-se na \u00faltima sexta-feira (9) com os sindicatos para tratar da PLR de 2014. A empresa informou \u00e0s entidades sindicais que ainda n\u00e3o h\u00e1 possibilidade de iniciar as discuss\u00f5es sobre adiantamento da PLR, normalmente paga em janeiro, em fun\u00e7\u00e3o de os resultados do terceiro trimestre de 2014 ainda n\u00e3o estarem dispon\u00edveis. Os resultados dos tr\u00eas primeiros trimestres do ano s\u00e3o base de c\u00e1lculo para o adiantamento da PLR. Conforme j\u00e1 anunciado pela Petrobras, os resultados ser\u00e3o divulgados em janeiro, sem a revis\u00e3o do auditor externo\u201d, diz nota da empresa.<\/p>\n<p>Segundo a estatal, durante a reuni\u00e3o, os sindicatos\u00a0 pediram que a companhia antecipasse o pagamento da primeira parcela do d\u00e9cimo terceiro sal\u00e1rio para janeiro, o que \u00e9 feito geralmente em fevereiro. \u201cA companhia aceitou a solicita\u00e7\u00e3o dos sindicatos e enviou comunicado aos empregados nesta segunda-feira (12), confirmando o pagamento da primeira parcela do d\u00e9cimo terceiro sal\u00e1rio no dia 19 de janeiro\u201d, acrescentou a empresa.<\/p>\n<p>Fonte: Ag\u00eancia Brasil<\/p>\n","protected":false},"excerpt":{"rendered":"<p>A Petrobras informou nesta segunda-feira (12) que n\u00e3o h\u00e1 previs\u00e3o para o in\u00edcio das negocia\u00e7\u00f5es com os empregados sobre o pagamento da participa\u00e7\u00e3o nos lucros&#8230;<\/p>\n","protected":false},"author":1182,"featured_media":8743,"comment_status":"closed","ping_status":"closed","sticky":false,"template":"","format":"standard","meta":{"footnotes":""},"categories":[6],"tags":[],"class_list":["post-10048","post","type-post","status-publish","format-standard","has-post-thumbnail","hentry","category-noticias"],"_links":{"self":[{"href":"https:\/\/www.sincomam.org.br\/index.php\/wp-json\/wp\/v2\/posts\/10048","targetHints":{"allow":["GET"]}}],"collection":[{"href":"https:\/\/www.sincomam.org.br\/index.php\/wp-json\/wp\/v2\/posts"}],"about":[{"href":"https:\/\/www.sincomam.org.br\/index.php\/wp-json\/wp\/v2\/types\/post"}],"author":[{"embeddable":true,"href":"https:\/\/www.sincomam.org.br\/index.php\/wp-json\/wp\/v2\/users\/1182"}],"replies":[{"embeddable":true,"href":"https:\/\/www.sincomam.org.br\/index.php\/wp-json\/wp\/v2\/comments?post=10048"}],"version-history":[{"count":1,"href":"https:\/\/www.sincomam.org.br\/index.php\/wp-json\/wp\/v2\/posts\/10048\/revisions"}],"predecessor-version":[{"id":10049,"href":"https:\/\/www.sincomam.org.br\/index.php\/wp-json\/wp\/v2\/posts\/10048\/revisions\/10049"}],"wp:featuredmedia":[{"embeddable":true,"href":"https:\/\/www.sincomam.org.br\/index.php\/wp-json\/wp\/v2\/media\/8743"}],"wp:attachment":[{"href":"https:\/\/www.sincomam.org.br\/index.php\/wp-json\/wp\/v2\/media?parent=10048"}],"wp:term":[{"taxonomy":"category","embeddable":true,"href":"https:\/\/www.sincomam.org.br\/index.php\/wp-json\/wp\/v2\/categories?post=10048"},{"taxonomy":"post_tag","embeddable":true,"href":"https:\/\/www.sincomam.org.br\/index.php\/wp-json\/wp\/v2\/tags?post=10048"}],"curies":[{"name":"wp","href":"https:\/\/api.w.org\/{rel}","templated":true}]}}