{"id":10013,"date":"2015-01-09T11:13:53","date_gmt":"2015-01-09T13:13:53","guid":{"rendered":"http:\/\/www.sincomam.org.br\/?p=10013"},"modified":"2015-01-09T11:13:53","modified_gmt":"2015-01-09T13:13:53","slug":"alianca-passa-a-focar-no-setor-terrestre","status":"publish","type":"post","link":"https:\/\/www.sincomam.org.br\/index.php\/alianca-passa-a-focar-no-setor-terrestre\/","title":{"rendered":"Alian\u00e7a passa a focar no setor terrestre"},"content":{"rendered":"<p><strong><em>Companhia quer garantir multimodalidade e espera crescer este ano<\/em><\/strong><\/p>\n<p>\u201cEstamos otimistas em rela\u00e7\u00e3o a 2015. Embora acreditemos que ser\u00e1 um ano de ajustes na economia brasileira, planejamos crescer no m\u00ednimo 10% em rela\u00e7\u00e3o a 2014\u201d. A declara\u00e7\u00e3o \u00e9 de Gustavo Costa, gerente de cabotagem da Alian\u00e7a Navega\u00e7\u00e3o e Log\u00edstica sobre suas perspectivas para este ano.<\/p>\n<p>Segundo ele, ap\u00f3s a renova\u00e7\u00e3o da frota de cabotagem da companhia, onde foi investido R$ 700 milh\u00f5es na compra de 6 navios porta-cont\u00eaineres, chegou a hora do foco se voltar para o lado terrestre. De acordo com o executivo, o objetivo \u00e9 que a empresa disponibilize a infraestrutura operacional necess\u00e1ria para garantia do n\u00edvel de servi\u00e7o no transporte multimodal e na gera\u00e7\u00e3o de servi\u00e7os de valor agregado \u00e0s cadeias log\u00edsticas de seus clientes.<\/p>\n<p>\u201cNeste sentido, temos a ATM (Alian\u00e7a Transporte Multimodal Ltda.), criada para atender \u00e0s necessidades do mercado com \u00eanfase maior no neg\u00f3cio terrestre, que j\u00e1 iniciou suas atividades com a abertura de um terminal retroportu\u00e1rio localizado a 4 quil\u00f4metros do Porto de Itapo\u00e1, no litoral norte de Santa Catarina\u201d, finaliza.<\/p>\n<p>Fonte: Guia Mar\u00edtimo \/ Andrezza Queiroga<\/p>\n","protected":false},"excerpt":{"rendered":"<p>Companhia quer garantir multimodalidade e espera crescer este ano \u201cEstamos otimistas em rela\u00e7\u00e3o a 2015. Embora acreditemos que ser\u00e1 um ano de ajustes na economia&#8230;<\/p>\n","protected":false},"author":1182,"featured_media":4598,"comment_status":"closed","ping_status":"closed","sticky":false,"template":"","format":"standard","meta":{"footnotes":""},"categories":[6],"tags":[1309,132,886],"class_list":["post-10013","post","type-post","status-publish","format-standard","has-post-thumbnail","hentry","category-noticias","tag-alianca","tag-investimento","tag-navegacao"],"_links":{"self":[{"href":"https:\/\/www.sincomam.org.br\/index.php\/wp-json\/wp\/v2\/posts\/10013","targetHints":{"allow":["GET"]}}],"collection":[{"href":"https:\/\/www.sincomam.org.br\/index.php\/wp-json\/wp\/v2\/posts"}],"about":[{"href":"https:\/\/www.sincomam.org.br\/index.php\/wp-json\/wp\/v2\/types\/post"}],"author":[{"embeddable":true,"href":"https:\/\/www.sincomam.org.br\/index.php\/wp-json\/wp\/v2\/users\/1182"}],"replies":[{"embeddable":true,"href":"https:\/\/www.sincomam.org.br\/index.php\/wp-json\/wp\/v2\/comments?post=10013"}],"version-history":[{"count":1,"href":"https:\/\/www.sincomam.org.br\/index.php\/wp-json\/wp\/v2\/posts\/10013\/revisions"}],"predecessor-version":[{"id":10014,"href":"https:\/\/www.sincomam.org.br\/index.php\/wp-json\/wp\/v2\/posts\/10013\/revisions\/10014"}],"wp:featuredmedia":[{"embeddable":true,"href":"https:\/\/www.sincomam.org.br\/index.php\/wp-json\/wp\/v2\/media\/4598"}],"wp:attachment":[{"href":"https:\/\/www.sincomam.org.br\/index.php\/wp-json\/wp\/v2\/media?parent=10013"}],"wp:term":[{"taxonomy":"category","embeddable":true,"href":"https:\/\/www.sincomam.org.br\/index.php\/wp-json\/wp\/v2\/categories?post=10013"},{"taxonomy":"post_tag","embeddable":true,"href":"https:\/\/www.sincomam.org.br\/index.php\/wp-json\/wp\/v2\/tags?post=10013"}],"curies":[{"name":"wp","href":"https:\/\/api.w.org\/{rel}","templated":true}]}}