{"id":5,"count":6,"description":"Nosso Sindicato completa 86 anos em 2013, e continua na campanha de reconstru\u00e7\u00e3o. Seja um associado e fa\u00e7a parte dessa hist\u00f3ria!","link":"https:\/\/www.sincomam.org.br\/index.php\/Categorias\/sem-categoria\/institucional\/","name":"Institucional","slug":"institucional","taxonomy":"category","parent":1,"meta":[],"_links":{"self":[{"href":"https:\/\/www.sincomam.org.br\/index.php\/wp-json\/wp\/v2\/categories\/5","targetHints":{"allow":["GET"]}}],"collection":[{"href":"https:\/\/www.sincomam.org.br\/index.php\/wp-json\/wp\/v2\/categories"}],"about":[{"href":"https:\/\/www.sincomam.org.br\/index.php\/wp-json\/wp\/v2\/taxonomies\/category"}],"up":[{"embeddable":true,"href":"https:\/\/www.sincomam.org.br\/index.php\/wp-json\/wp\/v2\/categories\/1"}],"wp:post_type":[{"href":"https:\/\/www.sincomam.org.br\/index.php\/wp-json\/wp\/v2\/posts?categories=5"}],"curies":[{"name":"wp","href":"https:\/\/api.w.org\/{rel}","templated":true}]}}